{"id":112632,"date":"2017-05-03T09:00:47","date_gmt":"2017-05-03T06:00:47","guid":{"rendered":"http:\/\/www.sana.sy\/tr\/?p=112632"},"modified":"2017-05-04T13:18:05","modified_gmt":"2017-05-04T10:18:05","slug":"gorusmeler-basina-kapali-yapiliyor","status":"publish","type":"post","link":"https:\/\/archive.sana.sy\/tr\/?p=112632","title":{"rendered":"Suriye Heyeti Astana\u2019da Bir Dizi Temasta Bulundu"},"content":{"rendered":"<p>ASTANA \u2013\u00a0Be\u015f\u015far el Caferi ba\u015fkanl\u0131\u011f\u0131ndaki Suriye Arap Cumhuriyeti heyeti bug\u00fcn Kazakistan\u2019\u0131n ba\u015fkenti Astana\u2019da ba\u015flayan Suriye konulu g\u00f6r\u00fc\u015fmelerin d\u00f6rd\u00fcnc\u00fc turu kapsam\u0131nda bir dizi temaslarda bulundu.<\/p>\n<p>Rusya ve \u0130ran heyetlerinin yan\u0131 s\u0131ra BM genel sekreterinin Suriye \u00f6zel temsilcisi Staffan de Mistura ile temaslarda bulunan Suriye heyeti; g\u00f6r\u00fc\u015fmelerin g\u00fcndemini ele alarak g\u00f6r\u00fc\u015f al\u0131\u015fveri\u015fi ve koordinasyonda bulundu.<\/p>\n<p><span style=\"color: #0000ff\">G\u00f6r\u00fc\u015fmeler Bas\u0131na Kapal\u0131 Olacak<\/span><\/p>\n<p>Bu arada Kazakistan D\u0131\u015fi\u015fleri Bakanl\u0131\u011f\u0131nda bas\u0131n ofisi ba\u015fkan\u0131 Enver Jaynakov; g\u00f6r\u00fc\u015fmelere kat\u0131lacak bir k\u0131s\u0131m heyetlerin Astana\u2019ya ge\u00e7 ula\u015ft\u0131klar\u0131na i\u015faret ederken, iki g\u00fcn s\u00fcrecek bu turda g\u00f6r\u00fc\u015fmelerin bas\u0131na kapal\u0131 olaca\u011f\u0131n\u0131 belirtti.<\/p>\n<p>G\u00f6r\u00fc\u015fmelerin ilk g\u00fcn\u00fcnde kat\u0131l\u0131mc\u0131 heyetler aras\u0131 ikili g\u00f6r\u00fc\u015fmeler kapsam\u0131nda Rusya ve ABD heyeti bir araya gelerek g\u00fcndem ve son geli\u015fmeleri de\u011ferlendirdi.<\/p>\n<p>BM genel sekreterinin Suriye \u00f6zel temsilcisi de Mistura yapt\u0131\u011f\u0131 bas\u0131n a\u00e7\u0131klamalar\u0131nda; g\u00f6r\u00fc\u015fmelerin ilk turunda t\u00fcm heyetlerle ikili g\u00f6r\u00fc\u015fmelerde bulunaca\u011f\u0131n\u0131 ve Suriye&#8217;de \u00e7at\u0131\u015fmalar\u0131n durdurulmas\u0131 durumunu peki\u015ftirme \u00fczerine odaklanaca\u011f\u0131n\u0131 ilan etti.<\/p>\n<p><span style=\"color: #0000ff\">Ter\u00f6r \u00d6rg\u00fctleri Temsilcileri Kat\u0131l\u0131mlar\u0131n\u0131 Durdurdu<\/span><\/p>\n<p>Bu arada ba\u015fkent Astana g\u00f6r\u00fc\u015fmelerine yak\u0131n bir kaynak; silahl\u0131 ter\u00f6r \u00f6rg\u00fctleri temsilcilerinin g\u00f6r\u00fc\u015fmelere kat\u0131l\u0131mlar\u0131n\u0131 durdurduklar\u0131n\u0131 aktard\u0131.<\/p>\n<p>Kaynak ter\u00f6r \u00f6rg\u00fctleri temsilcilerinin, toplant\u0131lara kat\u0131lmayacaklar\u0131n\u0131 ifade eden bir beyan\u0131 t\u00fcm taraflara g\u00f6nderdiklerini kaydetti.<\/p>\n<p>Di\u011fer yandan AFP Ajans\u0131, \u2018muhalefet heyetinde\u2019 bir kaynaktan naklen aktard\u0131\u011f\u0131 haberde; silahl\u0131 ter\u00f6r \u00f6rg\u00fctleri temsilcilerinin Astana g\u00f6r\u00fc\u015fmelerine kat\u0131l\u0131mlar\u0131n\u0131 ask\u0131ya ald\u0131\u011f\u0131n\u0131 belirtti.<\/p>\n<p>BM Suriye \u00f6zel temsilcisi de Mistura ise; ter\u00f6r \u00f6rg\u00fctleri heyetinin g\u00f6r\u00fc\u015fmelere kat\u0131l\u0131m\u0131n\u0131 durdurdu\u011fu ya da ask\u0131ya ald\u0131\u011f\u0131 konusunda hi\u00e7bir bilgisi olmad\u0131\u011f\u0131n\u0131 ifade ederken, muhtelif taraflarla temaslar\u0131na devam etti\u011fini kaydetti.<\/p>\n<p>Kazakistan D\u0131\u015fi\u015fleri Bakanl\u0131\u011f\u0131 ise \u2018silahl\u0131 muhalefet\u2019 heyetinin yar\u0131n yeniden g\u00f6r\u00fc\u015fmelere d\u00f6nece\u011fini ilan etti.<\/p>\n","protected":false},"excerpt":{"rendered":"<p>ASTANA \u2013\u00a0Be\u015f\u015far el Caferi ba\u015fkanl\u0131\u011f\u0131ndaki Suriye Arap Cumhuriyeti heyeti bug\u00fcn Kazakistan\u2019\u0131n ba\u015fkenti Astana\u2019da ba\u015flayan Suriye konulu g\u00f6r\u00fc\u015fmelerin d\u00f6rd\u00fcnc\u00fc turu kapsam\u0131nda bir dizi temaslarda bulundu. Rusya ve \u0130ran heyetlerinin yan\u0131 s\u0131ra BM genel sekreterinin Suriye \u00f6zel temsilcisi Staffan de Mistura ile temaslarda bulunan Suriye heyeti; g\u00f6r\u00fc\u015fmelerin g\u00fcndemini ele alarak g\u00f6r\u00fc\u015f al\u0131\u015fveri\u015fi ve koordinasyonda bulundu. G\u00f6r\u00fc\u015fmeler Bas\u0131na &hellip;<\/p>\n","protected":false},"author":1,"featured_media":112635,"comment_status":"closed","ping_status":"closed","sticky":false,"template":"","format":"standard","meta":{"footnotes":""},"categories":[458,459,17988],"tags":[26400,12240,18574,29278,20426,27928],"class_list":["post-112632","post","type-post","status-publish","format-standard","has-post-thumbnail","","category-dunya1","category-haberler-arap-uluslararasi-politika","category-son-haberler","tag-astana-gorusmeleri","tag-suriye-hukumeti","tag-suriye-krizi","tag-suriye-krizine-cozum-gorusmeleri","tag-suriye-muhalifleri","tag-suriyeliler-arasi-gorusmeler"],"_links":{"self":[{"href":"https:\/\/archive.sana.sy\/tr\/index.php?rest_route=\/wp\/v2\/posts\/112632","targetHints":{"allow":["GET"]}}],"collection":[{"href":"https:\/\/archive.sana.sy\/tr\/index.php?rest_route=\/wp\/v2\/posts"}],"about":[{"href":"https:\/\/archive.sana.sy\/tr\/index.php?rest_route=\/wp\/v2\/types\/post"}],"author":[{"embeddable":true,"href":"https:\/\/archive.sana.sy\/tr\/index.php?rest_route=\/wp\/v2\/users\/1"}],"replies":[{"embeddable":true,"href":"https:\/\/archive.sana.sy\/tr\/index.php?rest_route=%2Fwp%2Fv2%2Fcomments&post=112632"}],"version-history":[{"count":0,"href":"https:\/\/archive.sana.sy\/tr\/index.php?rest_route=\/wp\/v2\/posts\/112632\/revisions"}],"wp:featuredmedia":[{"embeddable":true,"href":"https:\/\/archive.sana.sy\/tr\/index.php?rest_route=\/wp\/v2\/media\/112635"}],"wp:attachment":[{"href":"https:\/\/archive.sana.sy\/tr\/index.php?rest_route=%2Fwp%2Fv2%2Fmedia&parent=112632"}],"wp:term":[{"taxonomy":"category","embeddable":true,"href":"https:\/\/archive.sana.sy\/tr\/index.php?rest_route=%2Fwp%2Fv2%2Fcategories&post=112632"},{"taxonomy":"post_tag","embeddable":true,"href":"https:\/\/archive.sana.sy\/tr\/index.php?rest_route=%2Fwp%2Fv2%2Ftags&post=112632"}],"curies":[{"name":"wp","href":"https:\/\/api.w.org\/{rel}","templated":true}]}}