{"id":112663,"date":"2017-05-03T12:00:43","date_gmt":"2017-05-03T09:00:43","guid":{"rendered":"http:\/\/www.sana.sy\/tr\/?p=112663"},"modified":"2017-05-04T14:08:38","modified_gmt":"2017-05-04T11:08:38","slug":"isid-ve-nusra-cephesine-karsi-operasyonlar-basariyla-devam-ediyor","status":"publish","type":"post","link":"https:\/\/archive.sana.sy\/tr\/?p=112663","title":{"rendered":"I\u015e\u0130D ve Nusra Cephesine Kar\u015f\u0131 Operasyonlar Ba\u015far\u0131yla Devam Ediyor"},"content":{"rendered":"<p>\u0130LLER \u2013 Belli ba\u015fl\u0131 devletlerin Suriye ve halk\u0131na kar\u015f\u0131 vekaletle y\u00fcr\u00fctt\u00fckleri sava\u015fta edat olarak kulland\u0131klar\u0131 I\u015e\u0130D, Nusra Cephesi ve bu iki radikal ter\u00f6r \u00f6rg\u00fct\u00fcn\u00fcn m\u00fcttefikleri gruplara kar\u015f\u0131 askeri operasyonlar ba\u015far\u0131yla devam ediyor.<\/p>\n<p><span style=\"color: #0000ff\">HOMS:<\/span><\/p>\n<p>Askeri kaynak ordu birliklerimizin Homs k\u0131rsal\u0131n\u0131n do\u011fusu Um Sahric Beldesinde civardaki sivil yerle\u015fim alanlar\u0131na f\u00fczelerle sald\u0131ran I\u015e\u0130D ter\u00f6r \u00f6rg\u00fct\u00fcne ait a\u011f\u0131r makineli silahla donat\u0131lm\u0131\u015f bir arac\u0131 ta\u015f\u0131d\u0131\u011f\u0131 6 ter\u00f6rist ile birlikte imha ettiklerini belirtti.<\/p>\n<p><span style=\"color: #0000ff\">DERA:<\/span><\/p>\n<p>Di\u011fer yandan askeri kaynak ordu birliklerimizin Dere\u2019da Beled B\u00f6lgesinin muhtelif yerleine ek olarak Nuayme Beldesinde \u0130srail \u00dcrd\u00fcn\u2019de bat\u0131l\u0131 istihbarat subaylar\u0131 taraf\u0131ndan y\u00f6nlendirilen Nusra Cephesi ve di\u011fer ter\u00f6r \u00f6rg\u00fctlerin mevkilerini yo\u011fun ate\u015fe tuttuklar\u0131n\u0131 belirtti.<\/p>\n<p>Kaynak bug\u00fcn \u00f6ld\u00fcr\u00fclen \u00e7ok say\u0131da ter\u00f6ristin aras\u0131nda bariz isimlerin bulundu\u011funa dikkat \u00e7ekerken, bu \u00e7etelere ait ara\u00e7 ve a\u011f\u0131r silahlar\u0131n da imha edildi\u011fini s\u00f6yledi.<\/p>\n<p><span style=\"color: #0000ff\">DEYREZZOR:<\/span><\/p>\n<p>G\u00fcn\u00fcn ilerleyen saatlerinde a\u00e7\u0131klama yapan askeri kaynak; ordu birliklerimizin Deyrezzor k\u0131rsal\u0131n\u0131n bat\u0131s\u0131 Makabir B\u00f6lgesinde I\u015e\u0130D\u2019in yuva ve k\u00fcmelenme yerlerini yo\u011fun ate\u015fe tutmalar\u0131 sonucunda aralar\u0131nda s\u00f6zde \u2018Vilayet el F\u0131rat\u2019ta Silahland\u0131rma Sorumlusu Ebu Z\u00fcbeyir el Ma\u011fribi\u2019 ve bir ter\u00f6r grubunun eleba\u015f\u0131 olan Hassan el Malla\u2019n\u0131n bulundu\u011fu bir\u00e7ok ter\u00f6risti \u00f6ld\u00fcrd\u00fcklerini ifade etti.<\/p>\n<p>Di\u011fer yandan yerel kaynaklar; Deyrezzor k\u0131rsal\u0131 Albukemal Kenti ahalisinin, kentin kenarlar\u0131nda I\u015e\u0130D\u2019in bir komuta karargah\u0131na sald\u0131rd\u0131klar\u0131n\u0131 belirtti. Kaynaklar ahalinin karargahtaki ter\u00f6ristlerden 2 tekfirciyi \u00f6ld\u00fcr\u00fcp birka\u00e7 arac\u0131 da yakt\u0131\u011f\u0131n\u0131 s\u00f6yledi.<\/p>\n<p>Ayn\u0131 kaynaklar; Deyrezzor\u2019da I\u015e\u0130D eleba\u015flar\u0131n\u0131n tasfiye edilme eylemlerinin devam etti\u011fini belirtirken, son olarak tekfirci ter\u00f6r \u00f6rg\u00fct\u00fcn\u00fcn az\u0131l\u0131 eleba\u015flar\u0131ndan Yusuf el Ali\u2019nin cesedinin il k\u0131rsal\u0131n\u0131n do\u011fusu Muhasan kentinde at\u0131l\u0131 olarak bulundu\u011funu kaydetti.<\/p>\n","protected":false},"excerpt":{"rendered":"<p>\u0130LLER \u2013 Belli ba\u015fl\u0131 devletlerin Suriye ve halk\u0131na kar\u015f\u0131 vekaletle y\u00fcr\u00fctt\u00fckleri sava\u015fta edat olarak kulland\u0131klar\u0131 I\u015e\u0130D, Nusra Cephesi ve bu iki radikal ter\u00f6r \u00f6rg\u00fct\u00fcn\u00fcn m\u00fcttefikleri gruplara kar\u015f\u0131 askeri operasyonlar ba\u015far\u0131yla devam ediyor. HOMS: Askeri kaynak ordu birliklerimizin Homs k\u0131rsal\u0131n\u0131n do\u011fusu Um Sahric Beldesinde civardaki sivil yerle\u015fim alanlar\u0131na f\u00fczelerle sald\u0131ran I\u015e\u0130D ter\u00f6r \u00f6rg\u00fct\u00fcne ait a\u011f\u0131r makineli &hellip;<\/p>\n","protected":false},"author":1,"featured_media":112666,"comment_status":"closed","ping_status":"closed","sticky":false,"template":"","format":"standard","meta":{"footnotes":""},"categories":[479,575,17988,478],"tags":[3464,18365,29285,18237,18576,18577,2318,18347,20427,23837,11549,19043,22182,19034,22181,28327],"class_list":["post-112663","post","type-post","status-publish","format-standard","has-post-thumbnail","","category-haberler-yerel","category-olaylar-ve-gercekler","category-son-haberler","category-yerel","tag-nusra-cephesi","tag-ahrar-el-sam","tag-batili-istihbarat","tag-cihatcilar","tag-daes","tag-deas","tag-isid","tag-oso","tag-ozgur-ordu","tag-suriye-gercekleri","tag-suriye-ordusu","tag-suriyede-son-durum","tag-suriyede-savas","tag-suriyeli-muhalifler","tag-suriyeliler","tag-tahrir-el-sam"],"_links":{"self":[{"href":"https:\/\/archive.sana.sy\/tr\/index.php?rest_route=\/wp\/v2\/posts\/112663","targetHints":{"allow":["GET"]}}],"collection":[{"href":"https:\/\/archive.sana.sy\/tr\/index.php?rest_route=\/wp\/v2\/posts"}],"about":[{"href":"https:\/\/archive.sana.sy\/tr\/index.php?rest_route=\/wp\/v2\/types\/post"}],"author":[{"embeddable":true,"href":"https:\/\/archive.sana.sy\/tr\/index.php?rest_route=\/wp\/v2\/users\/1"}],"replies":[{"embeddable":true,"href":"https:\/\/archive.sana.sy\/tr\/index.php?rest_route=%2Fwp%2Fv2%2Fcomments&post=112663"}],"version-history":[{"count":0,"href":"https:\/\/archive.sana.sy\/tr\/index.php?rest_route=\/wp\/v2\/posts\/112663\/revisions"}],"wp:featuredmedia":[{"embeddable":true,"href":"https:\/\/archive.sana.sy\/tr\/index.php?rest_route=\/wp\/v2\/media\/112666"}],"wp:attachment":[{"href":"https:\/\/archive.sana.sy\/tr\/index.php?rest_route=%2Fwp%2Fv2%2Fmedia&parent=112663"}],"wp:term":[{"taxonomy":"category","embeddable":true,"href":"https:\/\/archive.sana.sy\/tr\/index.php?rest_route=%2Fwp%2Fv2%2Fcategories&post=112663"},{"taxonomy":"post_tag","embeddable":true,"href":"https:\/\/archive.sana.sy\/tr\/index.php?rest_route=%2Fwp%2Fv2%2Ftags&post=112663"}],"curies":[{"name":"wp","href":"https:\/\/api.w.org\/{rel}","templated":true}]}}