{"id":112711,"date":"2017-05-03T11:00:07","date_gmt":"2017-05-03T08:00:07","guid":{"rendered":"http:\/\/www.sana.sy\/tr\/?p=112711"},"modified":"2017-05-04T13:20:02","modified_gmt":"2017-05-04T10:20:02","slug":"vihda-takimi-asya-kupasinda-yari-finale-yukseldi-video","status":"publish","type":"post","link":"https:\/\/archive.sana.sy\/tr\/?p=112711","title":{"rendered":"Vihda Tak\u0131m\u0131 Asya Kupas\u0131nda Yar\u0131 Finale Y\u00fckseldi (video)"},"content":{"rendered":"<p>BEYRUT \u2013 Asya Futbol Kupas\u0131 elemeleri kapsam\u0131nda L\u00fcbnan\u2019\u0131n ba\u015fkenti Beyrut\u2019ta oynanan ma\u00e7ta Suriye&#8217;nin Vihda tak\u0131m\u0131 L\u00fcbnan&#8217;\u0131n Safa tak\u0131m\u0131n\u0131 6-0 ma\u011flup etti.<\/p>\n<p>B\u00f6ylece ikinci grupta 11 puanla ikinci s\u0131ray\u0131 alan Vihda tak\u0131m\u0131m\u0131z Asya Kupas\u0131 yar\u0131 finallerine y\u00fckselmi\u015f oldu.<\/p>\n<p>Doha\u2019da Cey\u015f tak\u0131m\u0131m\u0131z ile Umman Sultanl\u0131\u011f\u0131n\u0131n Sveyk tak\u0131m\u0131 aras\u0131nda oynan ma\u00e7ta u\u011frad\u0131\u011f\u0131 2-1 yenilginin ard\u0131ndan Cey\u015f kupa ma\u00e7lar\u0131ndan ayr\u0131ld\u0131.<\/p>\n<p>https:\/\/www.youtube.com\/watch?v=_wYAAEBh-Z8<\/p>\n","protected":false},"excerpt":{"rendered":"<p>BEYRUT \u2013 Asya Futbol Kupas\u0131 elemeleri kapsam\u0131nda L\u00fcbnan\u2019\u0131n ba\u015fkenti Beyrut\u2019ta oynanan ma\u00e7ta Suriye&#8217;nin Vihda tak\u0131m\u0131 L\u00fcbnan&#8217;\u0131n Safa tak\u0131m\u0131n\u0131 6-0 ma\u011flup etti. B\u00f6ylece ikinci grupta 11 puanla ikinci s\u0131ray\u0131 alan Vihda tak\u0131m\u0131m\u0131z Asya Kupas\u0131 yar\u0131 finallerine y\u00fckselmi\u015f oldu. Doha\u2019da Cey\u015f tak\u0131m\u0131m\u0131z ile Umman Sultanl\u0131\u011f\u0131n\u0131n Sveyk tak\u0131m\u0131 aras\u0131nda oynan ma\u00e7ta u\u011frad\u0131\u011f\u0131 2-1 yenilginin ard\u0131ndan Cey\u015f kupa ma\u00e7lar\u0131ndan &hellip;<\/p>\n","protected":false},"author":1,"featured_media":112717,"comment_status":"closed","ping_status":"closed","sticky":false,"template":"","format":"standard","meta":{"footnotes":""},"categories":[458,498,459,17988,496],"tags":[29286],"class_list":["post-112711","post","type-post","status-publish","format-standard","has-post-thumbnail","","category-dunya1","category-dunya-turnuvalari","category-haberler-arap-uluslararasi-politika","category-son-haberler","category-spor","tag-beyrut-asya-futbol-kupasi-elemeleri-kapsaminda-lubnanin-baskenti-beyrutta-oynanan-macta-suriyenin-vihda-takimi-lubnanin-safa-takimini-6-0-maglup-etti"],"_links":{"self":[{"href":"https:\/\/archive.sana.sy\/tr\/index.php?rest_route=\/wp\/v2\/posts\/112711","targetHints":{"allow":["GET"]}}],"collection":[{"href":"https:\/\/archive.sana.sy\/tr\/index.php?rest_route=\/wp\/v2\/posts"}],"about":[{"href":"https:\/\/archive.sana.sy\/tr\/index.php?rest_route=\/wp\/v2\/types\/post"}],"author":[{"embeddable":true,"href":"https:\/\/archive.sana.sy\/tr\/index.php?rest_route=\/wp\/v2\/users\/1"}],"replies":[{"embeddable":true,"href":"https:\/\/archive.sana.sy\/tr\/index.php?rest_route=%2Fwp%2Fv2%2Fcomments&post=112711"}],"version-history":[{"count":0,"href":"https:\/\/archive.sana.sy\/tr\/index.php?rest_route=\/wp\/v2\/posts\/112711\/revisions"}],"wp:featuredmedia":[{"embeddable":true,"href":"https:\/\/archive.sana.sy\/tr\/index.php?rest_route=\/wp\/v2\/media\/112717"}],"wp:attachment":[{"href":"https:\/\/archive.sana.sy\/tr\/index.php?rest_route=%2Fwp%2Fv2%2Fmedia&parent=112711"}],"wp:term":[{"taxonomy":"category","embeddable":true,"href":"https:\/\/archive.sana.sy\/tr\/index.php?rest_route=%2Fwp%2Fv2%2Fcategories&post=112711"},{"taxonomy":"post_tag","embeddable":true,"href":"https:\/\/archive.sana.sy\/tr\/index.php?rest_route=%2Fwp%2Fv2%2Ftags&post=112711"}],"curies":[{"name":"wp","href":"https:\/\/api.w.org\/{rel}","templated":true}]}}