{"id":112712,"date":"2017-05-03T16:10:29","date_gmt":"2017-05-03T13:10:29","guid":{"rendered":"http:\/\/www.sana.sy\/tr\/?p=112712"},"modified":"2017-05-03T16:39:34","modified_gmt":"2017-05-03T13:39:34","slug":"sam-cevre-kent-valiliginde-bir-kaynak-dogu-gutada-bulunan-teroristlerin-baskent-kirsalinin-esad-banliyosune-fuzelerle-saldirmalari-sonucunda-bir-vatandasin-sehit-bir-vatandasin-da-yarali-du","status":"publish","type":"post","link":"https:\/\/archive.sana.sy\/tr\/?p=112712","title":{"rendered":"\u015eam \u00c7evre Kent Valili\u011finde bir kaynak; Do\u011fu \u011euta\u2019da bulunan ter\u00f6ristlerin ba\u015fkent k\u0131rsal\u0131n\u0131n Esad Banliy\u00f6s\u00fcne f\u00fczelerle sald\u0131rmalar\u0131 sonucunda bir vatanda\u015f\u0131n \u015fehit, bir vatanda\u015f\u0131n da yaral\u0131 d\u00fc\u015ft\u00fc\u011f\u00fcn\u00fc belirtti"},"content":{"rendered":"<p>\u015eam \u00c7evre Kent Valili\u011finde bir kaynak; Do\u011fu \u011euta\u2019da bulunan ter\u00f6ristlerin ba\u015fkent k\u0131rsal\u0131n\u0131n Esad Banliy\u00f6s\u00fcne f\u00fczelerle sald\u0131rmalar\u0131 sonucunda bir vatanda\u015f\u0131n \u015fehit, bir vatanda\u015f\u0131n da yaral\u0131 d\u00fc\u015ft\u00fc\u011f\u00fcn\u00fc belirtti<\/p>\n<p>&nbsp;<\/p>\n","protected":false},"excerpt":{"rendered":"<p>\u015eam \u00c7evre Kent Valili\u011finde bir kaynak; Do\u011fu \u011euta\u2019da bulunan ter\u00f6ristlerin ba\u015fkent k\u0131rsal\u0131n\u0131n Esad Banliy\u00f6s\u00fcne f\u00fczelerle sald\u0131rmalar\u0131 sonucunda bir vatanda\u015f\u0131n \u015fehit, bir vatanda\u015f\u0131n da yaral\u0131 d\u00fc\u015ft\u00fc\u011f\u00fcn\u00fc belirtti &nbsp;<\/p>\n","protected":false},"author":1,"featured_media":0,"comment_status":"closed","ping_status":"closed","sticky":false,"template":"","format":"standard","meta":{"footnotes":""},"categories":[17991],"tags":[],"class_list":["post-112712","post","type-post","status-publish","format-standard","","category-son-dakika"],"_links":{"self":[{"href":"https:\/\/archive.sana.sy\/tr\/index.php?rest_route=\/wp\/v2\/posts\/112712","targetHints":{"allow":["GET"]}}],"collection":[{"href":"https:\/\/archive.sana.sy\/tr\/index.php?rest_route=\/wp\/v2\/posts"}],"about":[{"href":"https:\/\/archive.sana.sy\/tr\/index.php?rest_route=\/wp\/v2\/types\/post"}],"author":[{"embeddable":true,"href":"https:\/\/archive.sana.sy\/tr\/index.php?rest_route=\/wp\/v2\/users\/1"}],"replies":[{"embeddable":true,"href":"https:\/\/archive.sana.sy\/tr\/index.php?rest_route=%2Fwp%2Fv2%2Fcomments&post=112712"}],"version-history":[{"count":0,"href":"https:\/\/archive.sana.sy\/tr\/index.php?rest_route=\/wp\/v2\/posts\/112712\/revisions"}],"wp:attachment":[{"href":"https:\/\/archive.sana.sy\/tr\/index.php?rest_route=%2Fwp%2Fv2%2Fmedia&parent=112712"}],"wp:term":[{"taxonomy":"category","embeddable":true,"href":"https:\/\/archive.sana.sy\/tr\/index.php?rest_route=%2Fwp%2Fv2%2Fcategories&post=112712"},{"taxonomy":"post_tag","embeddable":true,"href":"https:\/\/archive.sana.sy\/tr\/index.php?rest_route=%2Fwp%2Fv2%2Ftags&post=112712"}],"curies":[{"name":"wp","href":"https:\/\/api.w.org\/{rel}","templated":true}]}}