{"id":112764,"date":"2017-05-04T15:47:29","date_gmt":"2017-05-04T12:47:29","guid":{"rendered":"http:\/\/www.sana.sy\/tr\/?p=112764"},"modified":"2017-05-04T15:53:40","modified_gmt":"2017-05-04T12:53:40","slug":"askeri-kaynak-ordu-birliklerimizin-homs-ilinin-dogusunda-iside-karsi-operasyonlari-kapsaminda-tekfirci-teror-orgutu-sayi-ve-araclariyla-ciddi-kayiplara-ugratmalari-ardindan-tedmur-p","status":"publish","type":"post","link":"https:\/\/archive.sana.sy\/tr\/?p=112764","title":{"rendered":"Askeri kaynak ordu birliklerimizin Homs \u0130linin do\u011fusunda I\u015e\u0130D\u2019e kar\u015f\u0131 operasyonlar\u0131 kapsam\u0131nda tekfirci ter\u00f6r \u00f6rg\u00fct\u00fc say\u0131 ve ara\u00e7lar\u0131yla ciddi kay\u0131plara u\u011fratmalar\u0131 ard\u0131ndan Tedmur \u2013 Palmira\u2019n\u0131n do\u011fusu Tleyla B\u00f6lgesinin de bat\u0131s\u0131nda stratejik \u00f6neme sahip 4 noktay\u0131 tamamen kontrollerine ge\u00e7irdiklerini belirtti."},"content":{"rendered":"<p>Askeri kaynak ordu birliklerimizin Homs \u0130linin do\u011fusunda I\u015e\u0130D\u2019e kar\u015f\u0131 operasyonlar\u0131 kapsam\u0131nda tekfirci ter\u00f6r \u00f6rg\u00fct\u00fc say\u0131 ve ara\u00e7lar\u0131yla ciddi kay\u0131plara u\u011fratmalar\u0131 ard\u0131ndan Tedmur \u2013 Palmira\u2019n\u0131n do\u011fusu Tleyla B\u00f6lgesinin de bat\u0131s\u0131nda stratejik \u00f6neme sahip 4 noktay\u0131 tamamen kontrollerine ge\u00e7irdiklerini belirtti.<\/p>\n","protected":false},"excerpt":{"rendered":"<p>Askeri kaynak ordu birliklerimizin Homs \u0130linin do\u011fusunda I\u015e\u0130D\u2019e kar\u015f\u0131 operasyonlar\u0131 kapsam\u0131nda tekfirci ter\u00f6r \u00f6rg\u00fct\u00fc say\u0131 ve ara\u00e7lar\u0131yla ciddi kay\u0131plara u\u011fratmalar\u0131 ard\u0131ndan Tedmur \u2013 Palmira\u2019n\u0131n do\u011fusu Tleyla B\u00f6lgesinin de bat\u0131s\u0131nda stratejik \u00f6neme sahip 4 noktay\u0131 tamamen kontrollerine ge\u00e7irdiklerini belirtti.<\/p>\n","protected":false},"author":1,"featured_media":0,"comment_status":"closed","ping_status":"closed","sticky":false,"template":"","format":"standard","meta":{"footnotes":""},"categories":[17991],"tags":[],"class_list":["post-112764","post","type-post","status-publish","format-standard","","category-son-dakika"],"_links":{"self":[{"href":"https:\/\/archive.sana.sy\/tr\/index.php?rest_route=\/wp\/v2\/posts\/112764","targetHints":{"allow":["GET"]}}],"collection":[{"href":"https:\/\/archive.sana.sy\/tr\/index.php?rest_route=\/wp\/v2\/posts"}],"about":[{"href":"https:\/\/archive.sana.sy\/tr\/index.php?rest_route=\/wp\/v2\/types\/post"}],"author":[{"embeddable":true,"href":"https:\/\/archive.sana.sy\/tr\/index.php?rest_route=\/wp\/v2\/users\/1"}],"replies":[{"embeddable":true,"href":"https:\/\/archive.sana.sy\/tr\/index.php?rest_route=%2Fwp%2Fv2%2Fcomments&post=112764"}],"version-history":[{"count":0,"href":"https:\/\/archive.sana.sy\/tr\/index.php?rest_route=\/wp\/v2\/posts\/112764\/revisions"}],"wp:attachment":[{"href":"https:\/\/archive.sana.sy\/tr\/index.php?rest_route=%2Fwp%2Fv2%2Fmedia&parent=112764"}],"wp:term":[{"taxonomy":"category","embeddable":true,"href":"https:\/\/archive.sana.sy\/tr\/index.php?rest_route=%2Fwp%2Fv2%2Fcategories&post=112764"},{"taxonomy":"post_tag","embeddable":true,"href":"https:\/\/archive.sana.sy\/tr\/index.php?rest_route=%2Fwp%2Fv2%2Ftags&post=112764"}],"curies":[{"name":"wp","href":"https:\/\/api.w.org\/{rel}","templated":true}]}}