{"id":112923,"date":"2017-05-06T11:11:37","date_gmt":"2017-05-06T08:11:37","guid":{"rendered":"http:\/\/www.sana.sy\/tr\/?p=112923"},"modified":"2017-05-06T13:42:08","modified_gmt":"2017-05-06T10:42:08","slug":"deyrezzor-valiliginde-bir-kaynak-sanaya-aciklamalarinda-tekfirci-teror-orgutu-isidin-kentin-sivil-yerlesim-alanlarindan-kusur-semtini-uzaktan-kumandali-insansiz-bir-hava-araci-araci","status":"publish","type":"post","link":"https:\/\/archive.sana.sy\/tr\/?p=112923","title":{"rendered":"Deyrezzor Valili\u011finde bir kaynak SANA\u2019ya a\u00e7\u0131klamalar\u0131nda; tekfirci ter\u00f6r \u00f6rg\u00fct\u00fc I\u015e\u0130D\u2019in kentin sivil yerle\u015fim alanlar\u0131ndan Kusur Semtini uzaktan kumandal\u0131 insans\u0131z bir hava arac\u0131 arac\u0131l\u0131\u011f\u0131 ile bombalad\u0131\u011f\u0131n\u0131 belirtti."},"content":{"rendered":"<p>Deyrezzor Valili\u011finde bir kaynak SANA\u2019ya a\u00e7\u0131klamalar\u0131nda; tekfirci ter\u00f6r \u00f6rg\u00fct\u00fc I\u015e\u0130D\u2019in kentin sivil yerle\u015fim alanlar\u0131ndan Kusur Semtini uzaktan kumandal\u0131 insans\u0131z bir hava arac\u0131 arac\u0131l\u0131\u011f\u0131 ile bombalad\u0131\u011f\u0131n\u0131 belirtti.<\/p>\n","protected":false},"excerpt":{"rendered":"<p>Deyrezzor Valili\u011finde bir kaynak SANA\u2019ya a\u00e7\u0131klamalar\u0131nda; tekfirci ter\u00f6r \u00f6rg\u00fct\u00fc I\u015e\u0130D\u2019in kentin sivil yerle\u015fim alanlar\u0131ndan Kusur Semtini uzaktan kumandal\u0131 insans\u0131z bir hava arac\u0131 arac\u0131l\u0131\u011f\u0131 ile bombalad\u0131\u011f\u0131n\u0131 belirtti.<\/p>\n","protected":false},"author":1,"featured_media":0,"comment_status":"closed","ping_status":"closed","sticky":false,"template":"","format":"standard","meta":{"footnotes":""},"categories":[17991],"tags":[],"class_list":["post-112923","post","type-post","status-publish","format-standard","","category-son-dakika"],"_links":{"self":[{"href":"https:\/\/archive.sana.sy\/tr\/index.php?rest_route=\/wp\/v2\/posts\/112923","targetHints":{"allow":["GET"]}}],"collection":[{"href":"https:\/\/archive.sana.sy\/tr\/index.php?rest_route=\/wp\/v2\/posts"}],"about":[{"href":"https:\/\/archive.sana.sy\/tr\/index.php?rest_route=\/wp\/v2\/types\/post"}],"author":[{"embeddable":true,"href":"https:\/\/archive.sana.sy\/tr\/index.php?rest_route=\/wp\/v2\/users\/1"}],"replies":[{"embeddable":true,"href":"https:\/\/archive.sana.sy\/tr\/index.php?rest_route=%2Fwp%2Fv2%2Fcomments&post=112923"}],"version-history":[{"count":0,"href":"https:\/\/archive.sana.sy\/tr\/index.php?rest_route=\/wp\/v2\/posts\/112923\/revisions"}],"wp:attachment":[{"href":"https:\/\/archive.sana.sy\/tr\/index.php?rest_route=%2Fwp%2Fv2%2Fmedia&parent=112923"}],"wp:term":[{"taxonomy":"category","embeddable":true,"href":"https:\/\/archive.sana.sy\/tr\/index.php?rest_route=%2Fwp%2Fv2%2Fcategories&post=112923"},{"taxonomy":"post_tag","embeddable":true,"href":"https:\/\/archive.sana.sy\/tr\/index.php?rest_route=%2Fwp%2Fv2%2Ftags&post=112923"}],"curies":[{"name":"wp","href":"https:\/\/api.w.org\/{rel}","templated":true}]}}