{"id":113075,"date":"2017-05-07T12:00:12","date_gmt":"2017-05-07T09:00:12","guid":{"rendered":"http:\/\/www.sana.sy\/tr\/?p=113075"},"modified":"2017-05-08T14:08:05","modified_gmt":"2017-05-08T11:08:05","slug":"operasyonlar-hava-guclerimizin-desteginde-devam-ediyor-2","status":"publish","type":"post","link":"https:\/\/archive.sana.sy\/tr\/?p=113075","title":{"rendered":"Operasyonlar Hava G\u00fc\u00e7lerimizin Deste\u011finde Devam Ediyor"},"content":{"rendered":"<p>DEYREZZOR \u2013 Ordu birliklerimiz hava g\u00fc\u00e7lerimizin deste\u011fi ile I\u015e\u0130D\u2019e kar\u015f\u0131 operasyonlar\u0131n\u0131 s\u00fcrd\u00fcrerek tekfirci ter\u00f6r \u00f6rg\u00fct\u00fcn\u00fc b\u00fcy\u00fck kay\u0131plara u\u011fratmaya devam ediyor.<\/p>\n<p>SANA\u2019n\u0131n Deyrezzor muhabiri; hava g\u00fc\u00e7lerimizin Deyrezzor Askeri Havaalan\u0131n\u0131n civar\u0131, Cunit B\u00f6l\u00fc\u011f\u00fc yak\u0131nlar\u0131 ve Makabir B\u00f6lgesinde I\u015e\u0130D\u2019li ter\u00f6r gruplar\u0131n\u0131n mevkilerini ve karargahlar\u0131n\u0131 hedef ald\u0131klar\u0131n\u0131 ifade etti. Muhabir; operasyonlarda onlarca ter\u00f6ristin \u00f6l\u00fc ve yaral\u0131 d\u00fc\u015f\u00fcr\u00fcl\u00fcp havzalar\u0131nda bulunan silah ve m\u00fchimmatlar\u0131n\u0131n da yok edildi\u011fine dikkat \u00e7ekti.<\/p>\n<p>Muhabir; ordu birliklerimizin Askeri Havaalan\u0131n\u0131n civar\u0131 ve Makabir B\u00f6lgesinde I\u015e\u0130D\u2019li ter\u00f6ristlerle \u015fiddetli \u00e7at\u0131\u015fmalara girmelerine e\u015f zamanl\u0131 olarak top\u00e7u birliklerimizin tekfircilerin siper ve hareket eksenlerini yo\u011fun ate\u015fe tutmalar\u0131 sonucunda ter\u00f6ristleri say\u0131 ve te\u00e7hizatlar\u0131yla birlikte a\u011f\u0131r kay\u0131plara u\u011fratt\u0131klar\u0131n\u0131 aktard\u0131.<\/p>\n","protected":false},"excerpt":{"rendered":"<p>DEYREZZOR \u2013 Ordu birliklerimiz hava g\u00fc\u00e7lerimizin deste\u011fi ile I\u015e\u0130D\u2019e kar\u015f\u0131 operasyonlar\u0131n\u0131 s\u00fcrd\u00fcrerek tekfirci ter\u00f6r \u00f6rg\u00fct\u00fcn\u00fc b\u00fcy\u00fck kay\u0131plara u\u011fratmaya devam ediyor. SANA\u2019n\u0131n Deyrezzor muhabiri; hava g\u00fc\u00e7lerimizin Deyrezzor Askeri Havaalan\u0131n\u0131n civar\u0131, Cunit B\u00f6l\u00fc\u011f\u00fc yak\u0131nlar\u0131 ve Makabir B\u00f6lgesinde I\u015e\u0130D\u2019li ter\u00f6r gruplar\u0131n\u0131n mevkilerini ve karargahlar\u0131n\u0131 hedef ald\u0131klar\u0131n\u0131 ifade etti. Muhabir; operasyonlarda onlarca ter\u00f6ristin \u00f6l\u00fc ve yaral\u0131 d\u00fc\u015f\u00fcr\u00fcl\u00fcp havzalar\u0131nda bulunan &hellip;<\/p>\n","protected":false},"author":1,"featured_media":113084,"comment_status":"closed","ping_status":"closed","sticky":false,"template":"","format":"standard","meta":{"footnotes":""},"categories":[479,575,17988,478],"tags":[29340],"class_list":["post-113075","post","type-post","status-publish","format-standard","has-post-thumbnail","","category-haberler-yerel","category-olaylar-ve-gercekler","category-son-haberler","category-yerel","tag-sananin-deyrezzor-muhabiri-hava-guclerimizin-deyrezzor-askeri-havaalaninin-civari"],"_links":{"self":[{"href":"https:\/\/archive.sana.sy\/tr\/index.php?rest_route=\/wp\/v2\/posts\/113075","targetHints":{"allow":["GET"]}}],"collection":[{"href":"https:\/\/archive.sana.sy\/tr\/index.php?rest_route=\/wp\/v2\/posts"}],"about":[{"href":"https:\/\/archive.sana.sy\/tr\/index.php?rest_route=\/wp\/v2\/types\/post"}],"author":[{"embeddable":true,"href":"https:\/\/archive.sana.sy\/tr\/index.php?rest_route=\/wp\/v2\/users\/1"}],"replies":[{"embeddable":true,"href":"https:\/\/archive.sana.sy\/tr\/index.php?rest_route=%2Fwp%2Fv2%2Fcomments&post=113075"}],"version-history":[{"count":0,"href":"https:\/\/archive.sana.sy\/tr\/index.php?rest_route=\/wp\/v2\/posts\/113075\/revisions"}],"wp:featuredmedia":[{"embeddable":true,"href":"https:\/\/archive.sana.sy\/tr\/index.php?rest_route=\/wp\/v2\/media\/113084"}],"wp:attachment":[{"href":"https:\/\/archive.sana.sy\/tr\/index.php?rest_route=%2Fwp%2Fv2%2Fmedia&parent=113075"}],"wp:term":[{"taxonomy":"category","embeddable":true,"href":"https:\/\/archive.sana.sy\/tr\/index.php?rest_route=%2Fwp%2Fv2%2Fcategories&post=113075"},{"taxonomy":"post_tag","embeddable":true,"href":"https:\/\/archive.sana.sy\/tr\/index.php?rest_route=%2Fwp%2Fv2%2Ftags&post=113075"}],"curies":[{"name":"wp","href":"https:\/\/api.w.org\/{rel}","templated":true}]}}