{"id":113109,"date":"2017-05-08T11:00:48","date_gmt":"2017-05-08T08:00:48","guid":{"rendered":"http:\/\/www.sana.sy\/tr\/?p=113109"},"modified":"2017-05-09T14:57:48","modified_gmt":"2017-05-09T11:57:48","slug":"eski-lise-mezunlari-universite-kaydi-yapabilecek","status":"publish","type":"post","link":"https:\/\/archive.sana.sy\/tr\/?p=113109","title":{"rendered":"Eski Lise Mezunlar\u0131 \u00dcniversite Kayd\u0131 Yapabilecek"},"content":{"rendered":"<p>\u015eAM \u2013 Cumhurba\u015fkan\u0131 Be\u015f\u015far el Esad bug\u00fcn 2011 -2016 y\u0131llar\u0131 aras\u0131nda mezun olup da zorunlu ya da ihtiyat olarak askerlik hizmetine kat\u0131lan lise \u00f6\u011frencilerinin \u00fcniversite kay\u0131tlar\u0131na izin verilmesini \u00f6ng\u00f6ren 2017\/128 say\u0131l\u0131 kararnameyi onaylad\u0131.<\/p>\n<p>Kararname gere\u011fince lise mezunlar\u0131, askerlik hizmetini tamamlad\u0131klar\u0131 y\u0131l\u0131n \u00f6\u011fretim y\u0131l\u0131nda \u00fcniversiteye kay\u0131t yapmalar\u0131n\u0131 \u00f6ng\u00f6r\u00fcyor. Ayn\u0131 zamanda tercih etti\u011fi \u00fcniversite ve b\u00f6l\u00fcm i\u00e7in gerekli puan\u0131 sa\u011flam\u0131\u015f olmas\u0131n\u0131 gerek k\u0131l\u0131yor.<\/p>\n","protected":false},"excerpt":{"rendered":"<p>\u015eAM \u2013 Cumhurba\u015fkan\u0131 Be\u015f\u015far el Esad bug\u00fcn 2011 -2016 y\u0131llar\u0131 aras\u0131nda mezun olup da zorunlu ya da ihtiyat olarak askerlik hizmetine kat\u0131lan lise \u00f6\u011frencilerinin \u00fcniversite kay\u0131tlar\u0131na izin verilmesini \u00f6ng\u00f6ren 2017\/128 say\u0131l\u0131 kararnameyi onaylad\u0131. Kararname gere\u011fince lise mezunlar\u0131, askerlik hizmetini tamamlad\u0131klar\u0131 y\u0131l\u0131n \u00f6\u011fretim y\u0131l\u0131nda \u00fcniversiteye kay\u0131t yapmalar\u0131n\u0131 \u00f6ng\u00f6r\u00fcyor. Ayn\u0131 zamanda tercih etti\u011fi \u00fcniversite ve b\u00f6l\u00fcm i\u00e7in &hellip;<\/p>\n","protected":false},"author":1,"featured_media":56583,"comment_status":"closed","ping_status":"closed","sticky":false,"template":"","format":"standard","meta":{"footnotes":""},"categories":[479,605,17988,612,599,478],"tags":[29352],"class_list":["post-113109","post","type-post","status-publish","format-standard","has-post-thumbnail","","category-haberler-yerel","category-sayin-cumhurbaskani","category-son-haberler","category-yasama-kararnameler","category-yasama-ve-kanunlar","category-yerel","tag-eski-lise-mezunlari-universite-kaydi-yapabilecek"],"_links":{"self":[{"href":"https:\/\/archive.sana.sy\/tr\/index.php?rest_route=\/wp\/v2\/posts\/113109","targetHints":{"allow":["GET"]}}],"collection":[{"href":"https:\/\/archive.sana.sy\/tr\/index.php?rest_route=\/wp\/v2\/posts"}],"about":[{"href":"https:\/\/archive.sana.sy\/tr\/index.php?rest_route=\/wp\/v2\/types\/post"}],"author":[{"embeddable":true,"href":"https:\/\/archive.sana.sy\/tr\/index.php?rest_route=\/wp\/v2\/users\/1"}],"replies":[{"embeddable":true,"href":"https:\/\/archive.sana.sy\/tr\/index.php?rest_route=%2Fwp%2Fv2%2Fcomments&post=113109"}],"version-history":[{"count":0,"href":"https:\/\/archive.sana.sy\/tr\/index.php?rest_route=\/wp\/v2\/posts\/113109\/revisions"}],"wp:featuredmedia":[{"embeddable":true,"href":"https:\/\/archive.sana.sy\/tr\/index.php?rest_route=\/wp\/v2\/media\/56583"}],"wp:attachment":[{"href":"https:\/\/archive.sana.sy\/tr\/index.php?rest_route=%2Fwp%2Fv2%2Fmedia&parent=113109"}],"wp:term":[{"taxonomy":"category","embeddable":true,"href":"https:\/\/archive.sana.sy\/tr\/index.php?rest_route=%2Fwp%2Fv2%2Fcategories&post=113109"},{"taxonomy":"post_tag","embeddable":true,"href":"https:\/\/archive.sana.sy\/tr\/index.php?rest_route=%2Fwp%2Fv2%2Ftags&post=113109"}],"curies":[{"name":"wp","href":"https:\/\/api.w.org\/{rel}","templated":true}]}}