{"id":11327,"date":"2014-09-26T16:49:44","date_gmt":"2014-09-26T13:49:44","guid":{"rendered":"http:\/\/www.sana.sy\/tr\/?p=11327"},"modified":"2014-09-26T16:49:44","modified_gmt":"2014-09-26T13:49:44","slug":"idlib-kirsalinda-bdama-beldesinde-terorist-orgutlerin-iki-duzenegi-imha-edildi-bir-kismi-cecen-cok-sayida-terorist-olduruldu","status":"publish","type":"post","link":"https:\/\/archive.sana.sy\/tr\/?p=11327","title":{"rendered":"\u0130dlib K\u0131rsal\u0131nda Bdama Beldesinde ter\u00f6rist \u00f6rg\u00fctlerin iki d\u00fczene\u011fi imha edildi, bir k\u0131sm\u0131 \u00c7e\u00e7en \u00e7ok say\u0131da ter\u00f6rist \u00f6ld\u00fcr\u00fcld\u00fc."},"content":{"rendered":"<p>\u0130dlib K\u0131rsal\u0131nda Bdama Beldesinde ter\u00f6rist \u00f6rg\u00fctlerin iki d\u00fczene\u011fi imha edildi, bir k\u0131sm\u0131 \u00c7e\u00e7en \u00e7ok say\u0131da ter\u00f6rist \u00f6ld\u00fcr\u00fcld\u00fc.<\/p>\n","protected":false},"excerpt":{"rendered":"<p>\u0130dlib K\u0131rsal\u0131nda Bdama Beldesinde ter\u00f6rist \u00f6rg\u00fctlerin iki d\u00fczene\u011fi imha edildi, bir k\u0131sm\u0131 \u00c7e\u00e7en \u00e7ok say\u0131da ter\u00f6rist \u00f6ld\u00fcr\u00fcld\u00fc.<\/p>\n","protected":false},"author":1,"featured_media":0,"comment_status":"closed","ping_status":"closed","sticky":false,"template":"","format":"standard","meta":{"footnotes":""},"categories":[1],"tags":[],"class_list":["post-11327","post","type-post","status-publish","format-standard","","category-news-not-sorted"],"_links":{"self":[{"href":"https:\/\/archive.sana.sy\/tr\/index.php?rest_route=\/wp\/v2\/posts\/11327","targetHints":{"allow":["GET"]}}],"collection":[{"href":"https:\/\/archive.sana.sy\/tr\/index.php?rest_route=\/wp\/v2\/posts"}],"about":[{"href":"https:\/\/archive.sana.sy\/tr\/index.php?rest_route=\/wp\/v2\/types\/post"}],"author":[{"embeddable":true,"href":"https:\/\/archive.sana.sy\/tr\/index.php?rest_route=\/wp\/v2\/users\/1"}],"replies":[{"embeddable":true,"href":"https:\/\/archive.sana.sy\/tr\/index.php?rest_route=%2Fwp%2Fv2%2Fcomments&post=11327"}],"version-history":[{"count":0,"href":"https:\/\/archive.sana.sy\/tr\/index.php?rest_route=\/wp\/v2\/posts\/11327\/revisions"}],"wp:attachment":[{"href":"https:\/\/archive.sana.sy\/tr\/index.php?rest_route=%2Fwp%2Fv2%2Fmedia&parent=11327"}],"wp:term":[{"taxonomy":"category","embeddable":true,"href":"https:\/\/archive.sana.sy\/tr\/index.php?rest_route=%2Fwp%2Fv2%2Fcategories&post=11327"},{"taxonomy":"post_tag","embeddable":true,"href":"https:\/\/archive.sana.sy\/tr\/index.php?rest_route=%2Fwp%2Fv2%2Ftags&post=11327"}],"curies":[{"name":"wp","href":"https:\/\/api.w.org\/{rel}","templated":true}]}}