{"id":11331,"date":"2014-09-26T18:24:45","date_gmt":"2014-09-26T15:24:45","guid":{"rendered":"http:\/\/www.sana.sy\/tr\/?p=11331"},"modified":"2014-09-26T18:40:24","modified_gmt":"2014-09-26T15:40:24","slug":"hamada-guvenligin-geri-dondugu-bolgelere-yardim-arttirilmali","status":"publish","type":"post","link":"https:\/\/archive.sana.sy\/tr\/?p=11331","title":{"rendered":"Hama\u2019da G\u00fcvenli\u011fin Geri D\u00f6nd\u00fc\u011f\u00fc B\u00f6lgelere Yard\u0131m Artt\u0131r\u0131lmal\u0131"},"content":{"rendered":"<p>HAMA \u2013 Sosyal \u0130\u015fler Bakan\u0131 Kinda \u015eammat Hama \u0130linde son zamanlarda g\u00fcvenli\u011fin geri getirildi\u011fi b\u00f6lgelere yap\u0131lan insani yard\u0131m\u0131n artt\u0131r\u0131lmas\u0131 gerekti\u011fini ifade etti.<\/p>\n<p>Hama \u0130l Binas\u0131nda Toplant\u0131 D\u00fczenleyen Bakan \u015eammat toplant\u0131n\u0131n ilde sosyal hizmetlerin durumunu, muhtelif b\u00f6lgelerde muhta\u00e7lara yap\u0131lan insani yard\u0131m\u0131n yol a\u00e7t\u0131\u011f\u0131 sonu\u00e7lar\u0131 kontrol etmek i\u00e7in d\u00fczenledi\u011fini vurgulad\u0131.<\/p>\n<p>Ailelere ve \u00e7ocuklara psikolojik yard\u0131m verilmesine \u00f6zen g\u00f6sterilmesi gerekti\u011fini ifade eden \u015eammat, sadece ge\u00e7ici konaklama merkezlerinde bulunan ailelerle yetinmemek gerekti\u011fine, d\u0131\u015far\u0131da bulunan m\u00fclteci ailelere de destek verilmesi gerekti\u011fine, ge\u00e7ici konaklarda bulunan aile say\u0131s\u0131n\u0131n Suriye genelinde m\u00fclteci ailelerin sadece %3\u2019\u00fc oldu\u011funa dikkat \u00e7ekti.<\/p>\n<p>M\u00fclteci ailelerin tespit \u00e7al\u0131\u015fmalar\u0131na h\u0131z verilmesini, bir ay i\u00e7erisinde tespit etme i\u015flerinin bitirilmesini talep eden \u015eammat al\u0131nacak bilgilerin ileride yap\u0131lacak sosyal planlamalarda faydal\u0131 olaca\u011f\u0131n\u0131 kaydetti.<\/p>\n","protected":false},"excerpt":{"rendered":"<p>HAMA \u2013 Sosyal \u0130\u015fler Bakan\u0131 Kinda \u015eammat Hama \u0130linde son zamanlarda g\u00fcvenli\u011fin geri getirildi\u011fi b\u00f6lgelere yap\u0131lan insani yard\u0131m\u0131n artt\u0131r\u0131lmas\u0131 gerekti\u011fini ifade etti. Hama \u0130l Binas\u0131nda Toplant\u0131 D\u00fczenleyen Bakan \u015eammat toplant\u0131n\u0131n ilde sosyal hizmetlerin durumunu, muhtelif b\u00f6lgelerde muhta\u00e7lara yap\u0131lan insani yard\u0131m\u0131n yol a\u00e7t\u0131\u011f\u0131 sonu\u00e7lar\u0131 kontrol etmek i\u00e7in d\u00fczenledi\u011fini vurgulad\u0131. Ailelere ve \u00e7ocuklara psikolojik yard\u0131m verilmesine \u00f6zen &hellip;<\/p>\n","protected":false},"author":1,"featured_media":11338,"comment_status":"closed","ping_status":"closed","sticky":false,"template":"","format":"standard","meta":{"footnotes":""},"categories":[526,479,525,478],"tags":[2742],"class_list":["post-11331","post","type-post","status-publish","format-standard","has-post-thumbnail","","category-haber-ve-raporlar","category-haberler-yerel","category-toplum","category-yerel","tag-hamada-guvenligin-geri-dondugu-bolgelere-yardim-arttirilmali"],"_links":{"self":[{"href":"https:\/\/archive.sana.sy\/tr\/index.php?rest_route=\/wp\/v2\/posts\/11331","targetHints":{"allow":["GET"]}}],"collection":[{"href":"https:\/\/archive.sana.sy\/tr\/index.php?rest_route=\/wp\/v2\/posts"}],"about":[{"href":"https:\/\/archive.sana.sy\/tr\/index.php?rest_route=\/wp\/v2\/types\/post"}],"author":[{"embeddable":true,"href":"https:\/\/archive.sana.sy\/tr\/index.php?rest_route=\/wp\/v2\/users\/1"}],"replies":[{"embeddable":true,"href":"https:\/\/archive.sana.sy\/tr\/index.php?rest_route=%2Fwp%2Fv2%2Fcomments&post=11331"}],"version-history":[{"count":0,"href":"https:\/\/archive.sana.sy\/tr\/index.php?rest_route=\/wp\/v2\/posts\/11331\/revisions"}],"wp:featuredmedia":[{"embeddable":true,"href":"https:\/\/archive.sana.sy\/tr\/index.php?rest_route=\/wp\/v2\/media\/11338"}],"wp:attachment":[{"href":"https:\/\/archive.sana.sy\/tr\/index.php?rest_route=%2Fwp%2Fv2%2Fmedia&parent=11331"}],"wp:term":[{"taxonomy":"category","embeddable":true,"href":"https:\/\/archive.sana.sy\/tr\/index.php?rest_route=%2Fwp%2Fv2%2Fcategories&post=11331"},{"taxonomy":"post_tag","embeddable":true,"href":"https:\/\/archive.sana.sy\/tr\/index.php?rest_route=%2Fwp%2Fv2%2Ftags&post=11331"}],"curies":[{"name":"wp","href":"https:\/\/api.w.org\/{rel}","templated":true}]}}