{"id":113398,"date":"2017-05-12T16:39:32","date_gmt":"2017-05-12T13:39:32","guid":{"rendered":"http:\/\/www.sana.sy\/tr\/?p=113398"},"modified":"2017-05-12T16:39:32","modified_gmt":"2017-05-12T13:39:32","slug":"sana-muhabiri-ordu-birliklerimizin-homs-ilinin-dogusunda-iside-karsi-operasyonlari-sirasinda-isidin-operasyonlari-izleyen-basin-ekibine-saldirdigini-belirtti%e2%80%8f","status":"publish","type":"post","link":"https:\/\/archive.sana.sy\/tr\/?p=113398","title":{"rendered":"SANA muhabiri ordu birliklerimizin Homs \u0130linin do\u011fusunda I\u015e\u0130D\u2019e kar\u015f\u0131 operasyonlar\u0131 s\u0131ras\u0131nda I\u015e\u0130D\u2019in operasyonlar\u0131 izleyen bas\u0131n ekibine sald\u0131rd\u0131\u011f\u0131n\u0131 belirtti\u200f"},"content":{"rendered":"<p>SANA muhabiri ordu birliklerimizin Homs \u0130linin do\u011fusunda I\u015e\u0130D\u2019e kar\u015f\u0131 operasyonlar\u0131 s\u0131ras\u0131nda I\u015e\u0130D\u2019in operasyonlar\u0131 izleyen bas\u0131n ekibine sald\u0131rd\u0131\u011f\u0131n\u0131 belirtti\u200f<\/p>\n","protected":false},"excerpt":{"rendered":"<p>SANA muhabiri ordu birliklerimizin Homs \u0130linin do\u011fusunda I\u015e\u0130D\u2019e kar\u015f\u0131 operasyonlar\u0131 s\u0131ras\u0131nda I\u015e\u0130D\u2019in operasyonlar\u0131 izleyen bas\u0131n ekibine sald\u0131rd\u0131\u011f\u0131n\u0131 belirtti\u200f<\/p>\n","protected":false},"author":1,"featured_media":0,"comment_status":"closed","ping_status":"closed","sticky":false,"template":"","format":"standard","meta":{"footnotes":""},"categories":[17991],"tags":[],"class_list":["post-113398","post","type-post","status-publish","format-standard","","category-son-dakika"],"_links":{"self":[{"href":"https:\/\/archive.sana.sy\/tr\/index.php?rest_route=\/wp\/v2\/posts\/113398","targetHints":{"allow":["GET"]}}],"collection":[{"href":"https:\/\/archive.sana.sy\/tr\/index.php?rest_route=\/wp\/v2\/posts"}],"about":[{"href":"https:\/\/archive.sana.sy\/tr\/index.php?rest_route=\/wp\/v2\/types\/post"}],"author":[{"embeddable":true,"href":"https:\/\/archive.sana.sy\/tr\/index.php?rest_route=\/wp\/v2\/users\/1"}],"replies":[{"embeddable":true,"href":"https:\/\/archive.sana.sy\/tr\/index.php?rest_route=%2Fwp%2Fv2%2Fcomments&post=113398"}],"version-history":[{"count":0,"href":"https:\/\/archive.sana.sy\/tr\/index.php?rest_route=\/wp\/v2\/posts\/113398\/revisions"}],"wp:attachment":[{"href":"https:\/\/archive.sana.sy\/tr\/index.php?rest_route=%2Fwp%2Fv2%2Fmedia&parent=113398"}],"wp:term":[{"taxonomy":"category","embeddable":true,"href":"https:\/\/archive.sana.sy\/tr\/index.php?rest_route=%2Fwp%2Fv2%2Fcategories&post=113398"},{"taxonomy":"post_tag","embeddable":true,"href":"https:\/\/archive.sana.sy\/tr\/index.php?rest_route=%2Fwp%2Fv2%2Ftags&post=113398"}],"curies":[{"name":"wp","href":"https:\/\/api.w.org\/{rel}","templated":true}]}}