{"id":113403,"date":"2017-05-12T17:34:28","date_gmt":"2017-05-12T14:34:28","guid":{"rendered":"http:\/\/www.sana.sy\/tr\/?p=113403"},"modified":"2017-05-12T17:34:28","modified_gmt":"2017-05-12T14:34:28","slug":"ktyafa-futbol-kulubu-sehitler-gunu-ve-kurulusunun-25-yildonumunu-spor-festivaliyle-kutladi","status":"publish","type":"post","link":"https:\/\/archive.sana.sy\/tr\/?p=113403","title":{"rendered":"Ktyafa Futbol Kul\u00fcb\u00fc \u015eehitler G\u00fcn\u00fc ve kurulu\u015funun 25. Y\u0131ld\u00f6n\u00fcm\u00fcn\u00fc spor festivaliyle kutlad\u0131"},"content":{"rendered":"<p>Ktyafa Futbol Kul\u00fcb\u00fc \u015eehitler G\u00fcn\u00fc ve kurulu\u015funun 25. Y\u0131ld\u00f6n\u00fcm\u00fcn\u00fc spor festivaliyle kutlad\u0131<\/p>\n<p>&nbsp;<\/p>\n","protected":false},"excerpt":{"rendered":"<p>Ktyafa Futbol Kul\u00fcb\u00fc \u015eehitler G\u00fcn\u00fc ve kurulu\u015funun 25. Y\u0131ld\u00f6n\u00fcm\u00fcn\u00fc spor festivaliyle kutlad\u0131 &nbsp;<\/p>\n","protected":false},"author":1,"featured_media":113414,"comment_status":"closed","ping_status":"closed","sticky":false,"template":"","format":"standard","meta":{"footnotes":""},"categories":[573],"tags":[],"class_list":["post-113403","post","type-post","status-publish","format-standard","has-post-thumbnail","","category-goruntulu-olaylar"],"_links":{"self":[{"href":"https:\/\/archive.sana.sy\/tr\/index.php?rest_route=\/wp\/v2\/posts\/113403","targetHints":{"allow":["GET"]}}],"collection":[{"href":"https:\/\/archive.sana.sy\/tr\/index.php?rest_route=\/wp\/v2\/posts"}],"about":[{"href":"https:\/\/archive.sana.sy\/tr\/index.php?rest_route=\/wp\/v2\/types\/post"}],"author":[{"embeddable":true,"href":"https:\/\/archive.sana.sy\/tr\/index.php?rest_route=\/wp\/v2\/users\/1"}],"replies":[{"embeddable":true,"href":"https:\/\/archive.sana.sy\/tr\/index.php?rest_route=%2Fwp%2Fv2%2Fcomments&post=113403"}],"version-history":[{"count":0,"href":"https:\/\/archive.sana.sy\/tr\/index.php?rest_route=\/wp\/v2\/posts\/113403\/revisions"}],"wp:featuredmedia":[{"embeddable":true,"href":"https:\/\/archive.sana.sy\/tr\/index.php?rest_route=\/wp\/v2\/media\/113414"}],"wp:attachment":[{"href":"https:\/\/archive.sana.sy\/tr\/index.php?rest_route=%2Fwp%2Fv2%2Fmedia&parent=113403"}],"wp:term":[{"taxonomy":"category","embeddable":true,"href":"https:\/\/archive.sana.sy\/tr\/index.php?rest_route=%2Fwp%2Fv2%2Fcategories&post=113403"},{"taxonomy":"post_tag","embeddable":true,"href":"https:\/\/archive.sana.sy\/tr\/index.php?rest_route=%2Fwp%2Fv2%2Ftags&post=113403"}],"curies":[{"name":"wp","href":"https:\/\/api.w.org\/{rel}","templated":true}]}}