{"id":113406,"date":"2017-05-12T17:11:07","date_gmt":"2017-05-12T14:11:07","guid":{"rendered":"http:\/\/www.sana.sy\/tr\/?p=113406"},"modified":"2017-05-13T14:25:47","modified_gmt":"2017-05-13T11:25:47","slug":"isid-basin-ekibine-saldirdi-2","status":"publish","type":"post","link":"https:\/\/archive.sana.sy\/tr\/?p=113406","title":{"rendered":"I\u015e\u0130D Bas\u0131n Ekibine Sald\u0131rd\u0131"},"content":{"rendered":"<p>HOMS \u2013 SANA muhabiri ordu birliklerimizin Homs \u0130linin do\u011fusunda I\u015e\u0130D\u2019e kar\u015f\u0131 operasyonlar\u0131 s\u0131ras\u0131nda I\u015e\u0130D\u2019in operasyonlar\u0131 izleyen bas\u0131n ekibine sald\u0131rd\u0131\u011f\u0131n\u0131 belirtti.<\/p>\n<p>Muhabir tekfirci ter\u00f6r \u00f6rg\u00fct\u00fcn bas\u0131n ekibine sald\u0131r\u0131s\u0131nda Alem Kanal\u0131 muhabiri Sadullah Halil ve kameraman\u0131 Somar Selame\u2019nin yan\u0131 s\u0131ra Menar Televizyonu kameraman\u0131 Murhaf Mansur\u2019un yaraland\u0131klar\u0131n\u0131 aktard\u0131<\/p>\n","protected":false},"excerpt":{"rendered":"<p>HOMS \u2013 SANA muhabiri ordu birliklerimizin Homs \u0130linin do\u011fusunda I\u015e\u0130D\u2019e kar\u015f\u0131 operasyonlar\u0131 s\u0131ras\u0131nda I\u015e\u0130D\u2019in operasyonlar\u0131 izleyen bas\u0131n ekibine sald\u0131rd\u0131\u011f\u0131n\u0131 belirtti. Muhabir tekfirci ter\u00f6r \u00f6rg\u00fct\u00fcn bas\u0131n ekibine sald\u0131r\u0131s\u0131nda Alem Kanal\u0131 muhabiri Sadullah Halil ve kameraman\u0131 Somar Selame\u2019nin yan\u0131 s\u0131ra Menar Televizyonu kameraman\u0131 Murhaf Mansur\u2019un yaraland\u0131klar\u0131n\u0131 aktard\u0131<\/p>\n","protected":false},"author":1,"featured_media":113407,"comment_status":"closed","ping_status":"closed","sticky":false,"template":"","format":"standard","meta":{"footnotes":""},"categories":[479,17988,478],"tags":[],"class_list":["post-113406","post","type-post","status-publish","format-standard","has-post-thumbnail","","category-haberler-yerel","category-son-haberler","category-yerel"],"_links":{"self":[{"href":"https:\/\/archive.sana.sy\/tr\/index.php?rest_route=\/wp\/v2\/posts\/113406","targetHints":{"allow":["GET"]}}],"collection":[{"href":"https:\/\/archive.sana.sy\/tr\/index.php?rest_route=\/wp\/v2\/posts"}],"about":[{"href":"https:\/\/archive.sana.sy\/tr\/index.php?rest_route=\/wp\/v2\/types\/post"}],"author":[{"embeddable":true,"href":"https:\/\/archive.sana.sy\/tr\/index.php?rest_route=\/wp\/v2\/users\/1"}],"replies":[{"embeddable":true,"href":"https:\/\/archive.sana.sy\/tr\/index.php?rest_route=%2Fwp%2Fv2%2Fcomments&post=113406"}],"version-history":[{"count":0,"href":"https:\/\/archive.sana.sy\/tr\/index.php?rest_route=\/wp\/v2\/posts\/113406\/revisions"}],"wp:featuredmedia":[{"embeddable":true,"href":"https:\/\/archive.sana.sy\/tr\/index.php?rest_route=\/wp\/v2\/media\/113407"}],"wp:attachment":[{"href":"https:\/\/archive.sana.sy\/tr\/index.php?rest_route=%2Fwp%2Fv2%2Fmedia&parent=113406"}],"wp:term":[{"taxonomy":"category","embeddable":true,"href":"https:\/\/archive.sana.sy\/tr\/index.php?rest_route=%2Fwp%2Fv2%2Fcategories&post=113406"},{"taxonomy":"post_tag","embeddable":true,"href":"https:\/\/archive.sana.sy\/tr\/index.php?rest_route=%2Fwp%2Fv2%2Ftags&post=113406"}],"curies":[{"name":"wp","href":"https:\/\/api.w.org\/{rel}","templated":true}]}}