{"id":11361,"date":"2014-09-26T23:53:12","date_gmt":"2014-09-26T20:53:12","guid":{"rendered":"http:\/\/www.sana.sy\/tr\/?p=11361"},"modified":"2014-09-27T17:23:59","modified_gmt":"2014-09-27T14:23:59","slug":"muallim-new-yorkta-bir-dizi-temaslarda-bulundu","status":"publish","type":"post","link":"https:\/\/archive.sana.sy\/tr\/?p=11361","title":{"rendered":"Muallim New York&#8217;ta Bir Dizi Temaslarda Bulundu"},"content":{"rendered":"<p>NEW YORK \u2013 Ba\u015fbakan Yard\u0131mc\u0131s\u0131 D\u0131\u015fi\u015fleri ve Gurbet\u00e7iler Bakan\u0131 Velid el Muallim New York\u2019ta d\u00fczenlenen BM genel kurulu 69. D\u00f6nem \u00e7al\u0131\u015fmalar\u0131na kat\u0131l\u0131m\u0131 \u00e7er\u00e7evesinde bug\u00fcn bir dizi temaslarda bulundu.<\/p>\n<p>Muallim\u2019in New York\u2019ta bulundu\u011fu temaslara D\u0131\u015fi\u015fleri ve Gurbet\u00e7iler Bakan\u0131 Yard\u0131mc\u0131s\u0131 Faysal Mikdat, Suriye&#8217;nin BM\u2019deki Daimi Temsilcisi Be\u015f\u015far el Caferi, D\u0131\u015fi\u015fleri ve Gurbet\u00e7iler Bakan\u0131 Dan\u0131\u015fman\u0131 Ahmet Arnus kat\u0131ld\u0131lar.<\/p>\n<p><span style=\"color: #0000ff\">Suriye Filistin Davas\u0131na Deste\u011fini S\u00fcrd\u00fcrecek<\/span><\/p>\n<p><a href=\"http:\/\/www.sana.sy\/tr\/wp-content\/uploads\/2014\/09\/Muallim-ve-Abbas.jpg\"><img loading=\"lazy\" decoding=\"async\" class=\"alignright wp-image-11363 size-medium\" src=\"http:\/\/www.sana.sy\/tr\/wp-content\/uploads\/2014\/09\/Muallim-ve-Abbas-300x159.jpg\" alt=\"Muallim ve Abbas\" width=\"300\" height=\"159\" srcset=\"https:\/\/archive.sana.sy\/tr\/wp-content\/uploads\/2014\/09\/Muallim-ve-Abbas-300x160.jpg 300w, https:\/\/archive.sana.sy\/tr\/wp-content\/uploads\/2014\/09\/Muallim-ve-Abbas-150x79.jpg 150w, https:\/\/archive.sana.sy\/tr\/wp-content\/uploads\/2014\/09\/Muallim-ve-Abbas.jpg 620w\" sizes=\"auto, (max-width: 300px) 100vw, 300px\" \/><\/a>Muallim\u2019in Filistin Y\u00f6netimi Ba\u015fkan\u0131 Mahmut Abbas ile g\u00f6r\u00fc\u015fmesinde Filistin topraklar\u0131ndaki son durumlar ve \u00f6zellikle Gazze Kesiminde olmak \u00fczere \u0130srail&#8217;in Filistinlilere d\u00fc\u015fmanc\u0131 tutumlar\u0131 mayasa yat\u0131r\u0131ld\u0131. \u0130ki taraf ayr\u0131ca ba\u015fta me\u015fru topraklar\u0131 \u00fczerinde ba\u015fkenti Kud\u00fcs olan ba\u011f\u0131ms\u0131z devletini kurmak olmak \u00fczere Filistin halk\u0131n\u0131n me\u015fru haklar\u0131n\u0131 hedefleyen \u00e7abalar ele al\u0131nd\u0131.<\/p>\n<p>Abbas Suriye h\u00fck\u00fcmeti ile koordinasyon ve g\u00f6r\u00fc\u015f al\u0131\u015fveri\u015finin devam etti\u011fine i\u015faret ederken, Muallim Suriye&#8217;nin adil Filistin davas\u0131na deste\u011fini s\u00fcrd\u00fcrece\u011finin alt\u0131n\u0131 \u00e7izdi.<\/p>\n<p>Muallim ve Abbas g\u00f6r\u00fc\u015fmede ayr\u0131ca ter\u00f6rle m\u00fccadele ve ikili ili\u015fkileri masaya yat\u0131rd\u0131.<\/p>\n<p><span style=\"color: #0000ff\">B\u00f6lgenin Maruz Kald\u0131\u011f\u0131 Tehlikeler Kar\u015f\u0131s\u0131nda \u0130li\u015fkiler Geli\u015ftirilmelidir<\/span><\/p>\n<p><a href=\"http:\/\/www.sana.sy\/tr\/wp-content\/uploads\/2014\/09\/Muallim-ve-Zarif.jpg\"><img loading=\"lazy\" decoding=\"async\" class=\"alignright wp-image-11364 size-medium\" src=\"http:\/\/www.sana.sy\/tr\/wp-content\/uploads\/2014\/09\/Muallim-ve-Zarif-300x159.jpg\" alt=\"Muallim ve Zarif\" width=\"300\" height=\"159\" srcset=\"https:\/\/archive.sana.sy\/tr\/wp-content\/uploads\/2014\/09\/Muallim-ve-Zarif-300x160.jpg 300w, https:\/\/archive.sana.sy\/tr\/wp-content\/uploads\/2014\/09\/Muallim-ve-Zarif-150x79.jpg 150w, https:\/\/archive.sana.sy\/tr\/wp-content\/uploads\/2014\/09\/Muallim-ve-Zarif.jpg 620w\" sizes=\"auto, (max-width: 300px) 100vw, 300px\" \/><\/a>\u0130ran D\u0131\u015fi\u015fleri Bakan\u0131 Muhammed Cevat Zarif ile bir araya gelen Muallim; b\u00f6lgedeki son durumlar\u0131n yan\u0131 s\u0131ra ter\u00f6rle m\u00fccadele \u00e7abalar\u0131n\u0131 masaya yat\u0131rd\u0131. Nusra Cephesi ve I\u015e\u0130D\u2019in yan\u0131 s\u0131ra di\u011fer ter\u00f6r \u00f6rg\u00fctlerin b\u00f6lgeye te\u015fkil ettikleri tehlikenin ele al\u0131nd\u0131\u011f\u0131 g\u00f6r\u00fc\u015fmede iki taraf ter\u00f6r\u00fc destekleyen devletlerin bu desteklerini kesmeleri gere\u011finin alt\u0131n\u0131 \u00e7izdi.<\/p>\n<p>Muallim ve Zarif G\u00fcvenlik Konseyinin ter\u00f6rle m\u00fccadeleye ili\u015fkin kararlar\u0131n hayata ge\u00e7irilmesi i\u00e7in \u00f6zellikle Suriye ve Irak ba\u015fta olmak \u00fczere ilgili devletlerle koordinasyon ve i\u015fbirli\u011finin gere\u011fine dikkat \u00e7ekti.<\/p>\n<p>\u0130ki dost \u00fclke aras\u0131ndaki ili\u015fkileri de ele alan Muallim ve Zarif b\u00f6lgenin maruz kald\u0131\u011f\u0131 tehlikeler kar\u015f\u0131s\u0131nda bu ili\u015fkileri muhtelif alanlarda geli\u015ftirmek ve derinle\u015ftirme \u00f6neminin alt\u0131n\u0131 \u00e7izdi.<\/p>\n<p><span style=\"color: #0000ff\">Muallim B\u00f6lgenin Tan\u0131k Oldu\u011fu Ger\u00e7eklere I\u015f\u0131k Tuttu<\/span><\/p>\n<p><a href=\"http:\/\/www.sana.sy\/tr\/wp-content\/uploads\/2014\/09\/Muallim-ve-Angola.jpg\"><img loading=\"lazy\" decoding=\"async\" class=\"alignright wp-image-11365 size-medium\" src=\"http:\/\/www.sana.sy\/tr\/wp-content\/uploads\/2014\/09\/Muallim-ve-Angola-300x159.jpg\" alt=\"Muallim ve Angola\" width=\"300\" height=\"159\" srcset=\"https:\/\/archive.sana.sy\/tr\/wp-content\/uploads\/2014\/09\/Muallim-ve-Angola-300x160.jpg 300w, https:\/\/archive.sana.sy\/tr\/wp-content\/uploads\/2014\/09\/Muallim-ve-Angola-150x79.jpg 150w, https:\/\/archive.sana.sy\/tr\/wp-content\/uploads\/2014\/09\/Muallim-ve-Angola.jpg 620w\" sizes=\"auto, (max-width: 300px) 100vw, 300px\" \/><\/a>\u00d6te yandan Angola D\u0131\u015fi\u015fleri Bakan\u0131 George Rebelo Chicoty ile bir araya gelen Muallim; Suriye ve Irak\u2019\u0131n I\u015e\u0130D, Nusra Cephesi ve di\u011fer ter\u00f6r \u00f6rg\u00fctleri taraf\u0131ndan maruz kald\u0131klar\u0131 ter\u00f6rle birlikte b\u00f6lgedeki durular\u0131n ger\u00e7e\u011fine \u0131\u015f\u0131k tuttu.<\/p>\n<p>Muallim G\u00fcvelik Konseyinin ter\u00f6rle m\u00fccadele konulu kararlar\u0131n\u0131n hayata ge\u00e7irilmesinde Suriye ve Irak ba\u015fta olmak \u00fczere ilgili devletlerle koordinasyonun \u00f6nemini ifade etti.<\/p>\n<p>\u0130ki taraf g\u00f6r\u00fc\u015fmede ter\u00f6re silah, finans, e\u011fitim ve daha ba\u015fka destek sa\u011flayan devletlerin bu desteklerini kesmeleri gere\u011finde g\u00f6r\u00fc\u015f birli\u011fi kaydederken. Angola\u2019n\u0131n G\u00fcvenlik Konseyinde beklenen \u00fcyeli\u011fi \u0131\u015f\u0131\u011f\u0131nda koordinasyon ve g\u00f6r\u00fc\u015f al\u0131\u015fveri\u015finin s\u00fcrd\u00fcr\u00fclmesi gere\u011fi ifade edildi.<\/p>\n<p><span style=\"color: #0000ff\">Muallim Basil ile Koordinasyonu G\u00f6r\u00fc\u015ft\u00fc<\/span><\/p>\n<p>Di\u011fer yandan Muallim L\u00fcbnan D\u0131\u015fi\u015fleri ve Gurbet\u00e7iler Bakan\u0131 C\u00fcbran Basil ile bir araya geldi.<\/p>\n<p>G\u00f6r\u00fc\u015fmede iki karde\u015f \u00fclke aras\u0131ndaki ili\u015fkiler ve bu ili\u015fkileri muhtelif alanlarda geli\u015ftirme olanaklar\u0131 masaya yat\u0131r\u0131ld\u0131.<\/p>\n<p>Muallim ve \u00a0Basil ayn\u0131 zamanda ter\u00f6rle m\u00fccadelede iki \u00fclkenin koordinasyon ve i\u015fbirli\u011fi konular\u0131n\u0131 ele ald\u0131lar.<\/p>\n","protected":false},"excerpt":{"rendered":"<p>NEW YORK \u2013 Ba\u015fbakan Yard\u0131mc\u0131s\u0131 D\u0131\u015fi\u015fleri ve Gurbet\u00e7iler Bakan\u0131 Velid el Muallim New York\u2019ta d\u00fczenlenen BM genel kurulu 69. D\u00f6nem \u00e7al\u0131\u015fmalar\u0131na kat\u0131l\u0131m\u0131 \u00e7er\u00e7evesinde bug\u00fcn bir dizi temaslarda bulundu. Muallim\u2019in New York\u2019ta bulundu\u011fu temaslara D\u0131\u015fi\u015fleri ve Gurbet\u00e7iler Bakan\u0131 Yard\u0131mc\u0131s\u0131 Faysal Mikdat, Suriye&#8217;nin BM\u2019deki Daimi Temsilcisi Be\u015f\u015far el Caferi, D\u0131\u015fi\u015fleri ve Gurbet\u00e7iler Bakan\u0131 Dan\u0131\u015fman\u0131 Ahmet Arnus kat\u0131ld\u0131lar. &hellip;<\/p>\n","protected":false},"author":1,"featured_media":11362,"comment_status":"closed","ping_status":"closed","sticky":false,"template":"","format":"standard","meta":{"footnotes":""},"categories":[458,459],"tags":[2748],"class_list":["post-11361","post","type-post","status-publish","format-standard","has-post-thumbnail","","category-dunya1","category-haberler-arap-uluslararasi-politika","tag-muallim-new-yorkta-bir-dizi-temaslarda-bulundu"],"_links":{"self":[{"href":"https:\/\/archive.sana.sy\/tr\/index.php?rest_route=\/wp\/v2\/posts\/11361","targetHints":{"allow":["GET"]}}],"collection":[{"href":"https:\/\/archive.sana.sy\/tr\/index.php?rest_route=\/wp\/v2\/posts"}],"about":[{"href":"https:\/\/archive.sana.sy\/tr\/index.php?rest_route=\/wp\/v2\/types\/post"}],"author":[{"embeddable":true,"href":"https:\/\/archive.sana.sy\/tr\/index.php?rest_route=\/wp\/v2\/users\/1"}],"replies":[{"embeddable":true,"href":"https:\/\/archive.sana.sy\/tr\/index.php?rest_route=%2Fwp%2Fv2%2Fcomments&post=11361"}],"version-history":[{"count":0,"href":"https:\/\/archive.sana.sy\/tr\/index.php?rest_route=\/wp\/v2\/posts\/11361\/revisions"}],"wp:featuredmedia":[{"embeddable":true,"href":"https:\/\/archive.sana.sy\/tr\/index.php?rest_route=\/wp\/v2\/media\/11362"}],"wp:attachment":[{"href":"https:\/\/archive.sana.sy\/tr\/index.php?rest_route=%2Fwp%2Fv2%2Fmedia&parent=11361"}],"wp:term":[{"taxonomy":"category","embeddable":true,"href":"https:\/\/archive.sana.sy\/tr\/index.php?rest_route=%2Fwp%2Fv2%2Fcategories&post=11361"},{"taxonomy":"post_tag","embeddable":true,"href":"https:\/\/archive.sana.sy\/tr\/index.php?rest_route=%2Fwp%2Fv2%2Ftags&post=11361"}],"curies":[{"name":"wp","href":"https:\/\/api.w.org\/{rel}","templated":true}]}}