{"id":11374,"date":"2014-09-27T11:54:25","date_gmt":"2014-09-27T08:54:25","guid":{"rendered":"http:\/\/www.sana.sy\/tr\/?p=11374"},"modified":"2014-09-27T12:58:03","modified_gmt":"2014-09-27T09:58:03","slug":"fransa-ve-almanyada-isidle-baglantisi-olan-2-genc-tutuklandi","status":"publish","type":"post","link":"https:\/\/archive.sana.sy\/tr\/?p=11374","title":{"rendered":"Fransa ve Almanya\u2019da I\u015e\u0130D\u2019le Ba\u011flant\u0131s\u0131 Olan 2 Gen\u00e7 Tutukland\u0131"},"content":{"rendered":"<p>N\u0130CE \u2013 BERL\u0130N &#8211; Fransa \u0130\u00e7 G\u00fcvenlik Birimleri d\u00fcn Nice kentinde T\u00fcrkiye\u2019den gelen, Irak veya Suriye\u2019de I\u015e\u0130D ter\u00f6rist \u00f6rg\u00fct\u00fc saflar\u0131nda sava\u015fa kat\u0131ld\u0131\u011f\u0131ndan \u015f\u00fcphe edilen bir genci tutuklad\u0131.<\/p>\n<p>AFP dosyaya yak\u0131n kaynaktan naklen, 20 ya\u015f\u0131ndan k\u00fc\u00e7\u00fck olan Frans\u0131z gencin Fransa topraklar\u0131na var\u0131r varmaz tutukland\u0131\u011f\u0131n\u0131 i\u00e7 g\u00fcvenlik genel idare cihaz\u0131 nezdinde soru\u015fturmaya tabi tutulaca\u011f\u0131n\u0131 aktard\u0131.<\/p>\n<p>Fransa \u0130\u00e7i\u015fleri Bakan\u0131 Bernarde Kazonov olaya y\u00f6nelik a\u00e7\u0131klamas\u0131nda, tehlikenin b\u00fcy\u00fck olmas\u0131 itibariyle \u0130\u00e7i\u015fleri Bakanl\u0131\u011f\u0131 ve Fransa yarg\u0131s\u0131n\u0131n vatanda\u015flar\u0131n\u0131 korumak amac\u0131yla elinden gelen her \u015feyi yapmaya azimli oldu\u011funun bir kan\u0131t\u0131 oldu\u011funu s\u00f6yledi.<\/p>\n<p>Kazonov, gen\u00e7 hakk\u0131nda daha \u00f6nce arama ve tutuklama izninin \u00e7\u0131kar\u0131ld\u0131\u011f\u0131n\u0131 bunun \u00fczerine de yarg\u0131 bak\u0131m\u0131ndan tutuklanmas\u0131 i\u00e7in b\u00fct\u00fcn \u015fartlar\u0131n olu\u015ftu\u011funu s\u00f6yledi.<\/p>\n<p><span style=\"color: #0000ff\">Almanya I\u015e\u0130D Ter\u00f6r \u00d6rg\u00fct\u00fcne Ba\u011fl\u0131l\u0131\u011f\u0131 ve \u015eiddet Eylemlerine Haz\u0131rl\u0131k Su\u00e7lamalar\u0131yla Bir Ki\u015fiyi Tutuklad\u0131<\/span><\/p>\n<p>\u00d6te yandan Almanya otoriteleri de, Suriye\u2019deki I\u015e\u0130D ter\u00f6r \u00f6rg\u00fct\u00fcyle ba\u011flant\u0131s\u0131 ve \u015fiddet eylemlerine haz\u0131rl\u0131k yapt\u0131\u011f\u0131 su\u00e7lamalar\u0131yla bir ki\u015fiyi yakalad\u0131\u011f\u0131n\u0131 ilan etti.<\/p>\n<p>Associated Press, Almanya\u2019n\u0131n Molheim kenti savc\u0131 ve polis yetkililerinden naklen, 21 ya\u015f\u0131ndaki tutuklunun Suriye\u2019de uzun zaman ge\u00e7irdi\u011fini ge\u00e7en A\u011fustos ay\u0131nda Almanya\u2019ya d\u00f6nmeden \u00f6nce I\u015e\u0130D ter\u00f6r \u00f6rg\u00fct\u00fcyle ba\u011flant\u0131s\u0131n\u0131n oldu\u011funu aktararak, su\u00e7lunun Almanya topraklar\u0131na d\u00f6n\u00fc\u015f\u00fcnden beri g\u00f6zlem alt\u0131nda tutuldu\u011funa i\u015faret etti.<\/p>\n<p>Alman yetkililer polislerin su\u00e7lunun evini arad\u0131klar\u0131n\u0131 ve garip davran\u0131\u015flarla hareket etmesinin anla\u015f\u0131lmas\u0131ndan sonra ge\u00e7en \u00c7ar\u015famba g\u00fcn\u00fc tutuklad\u0131klar\u0131n\u0131 belirterek daha fazla bilgi vermedi\u011fini ifade etti.<\/p>\n<p>Yetkililer, su\u00e7lunun daha \u00f6nce Almanya\u2019da bir \u00fcniversitede \u00f6\u011frenciler aras\u0131nda \u201cdini vaaz\u201d eyleminde bulundu\u011funu ve bunun \u00fczerine \u00dcniversitedeki devam\u0131n\u0131n ask\u0131ya al\u0131nd\u0131\u011f\u0131na dikkat \u00e7ektiler.<\/p>\n","protected":false},"excerpt":{"rendered":"<p>N\u0130CE \u2013 BERL\u0130N &#8211; Fransa \u0130\u00e7 G\u00fcvenlik Birimleri d\u00fcn Nice kentinde T\u00fcrkiye\u2019den gelen, Irak veya Suriye\u2019de I\u015e\u0130D ter\u00f6rist \u00f6rg\u00fct\u00fc saflar\u0131nda sava\u015fa kat\u0131ld\u0131\u011f\u0131ndan \u015f\u00fcphe edilen bir genci tutuklad\u0131. AFP dosyaya yak\u0131n kaynaktan naklen, 20 ya\u015f\u0131ndan k\u00fc\u00e7\u00fck olan Frans\u0131z gencin Fransa topraklar\u0131na var\u0131r varmaz tutukland\u0131\u011f\u0131n\u0131 i\u00e7 g\u00fcvenlik genel idare cihaz\u0131 nezdinde soru\u015fturmaya tabi tutulaca\u011f\u0131n\u0131 aktard\u0131. Fransa \u0130\u00e7i\u015fleri &hellip;<\/p>\n","protected":false},"author":1,"featured_media":11383,"comment_status":"closed","ping_status":"closed","sticky":false,"template":"","format":"standard","meta":{"footnotes":""},"categories":[458,459,575,447],"tags":[2753],"class_list":["post-11374","post","type-post","status-publish","format-standard","has-post-thumbnail","","category-dunya1","category-haberler-arap-uluslararasi-politika","category-olaylar-ve-gercekler","category-politika","tag-fransa-ve-almanyada-isidle-baglantisi-olan-2-genc-tutuklandi"],"_links":{"self":[{"href":"https:\/\/archive.sana.sy\/tr\/index.php?rest_route=\/wp\/v2\/posts\/11374","targetHints":{"allow":["GET"]}}],"collection":[{"href":"https:\/\/archive.sana.sy\/tr\/index.php?rest_route=\/wp\/v2\/posts"}],"about":[{"href":"https:\/\/archive.sana.sy\/tr\/index.php?rest_route=\/wp\/v2\/types\/post"}],"author":[{"embeddable":true,"href":"https:\/\/archive.sana.sy\/tr\/index.php?rest_route=\/wp\/v2\/users\/1"}],"replies":[{"embeddable":true,"href":"https:\/\/archive.sana.sy\/tr\/index.php?rest_route=%2Fwp%2Fv2%2Fcomments&post=11374"}],"version-history":[{"count":0,"href":"https:\/\/archive.sana.sy\/tr\/index.php?rest_route=\/wp\/v2\/posts\/11374\/revisions"}],"wp:featuredmedia":[{"embeddable":true,"href":"https:\/\/archive.sana.sy\/tr\/index.php?rest_route=\/wp\/v2\/media\/11383"}],"wp:attachment":[{"href":"https:\/\/archive.sana.sy\/tr\/index.php?rest_route=%2Fwp%2Fv2%2Fmedia&parent=11374"}],"wp:term":[{"taxonomy":"category","embeddable":true,"href":"https:\/\/archive.sana.sy\/tr\/index.php?rest_route=%2Fwp%2Fv2%2Fcategories&post=11374"},{"taxonomy":"post_tag","embeddable":true,"href":"https:\/\/archive.sana.sy\/tr\/index.php?rest_route=%2Fwp%2Fv2%2Ftags&post=11374"}],"curies":[{"name":"wp","href":"https:\/\/api.w.org\/{rel}","templated":true}]}}