{"id":11379,"date":"2014-09-27T12:49:35","date_gmt":"2014-09-27T09:49:35","guid":{"rendered":"http:\/\/www.sana.sy\/tr\/?p=11379"},"modified":"2014-09-27T12:49:35","modified_gmt":"2014-09-27T09:49:35","slug":"sam-sam-kirsali-homs-idlib-ve-halepten-300-kisi-durumlarinin-duzeltilmesi-icin-yetkili-birimlere-teslim-oldu","status":"publish","type":"post","link":"https:\/\/archive.sana.sy\/tr\/?p=11379","title":{"rendered":"\u015eam, \u015eam K\u0131rsal\u0131, Homs, \u0130dlib ve Halep\u2019ten 300 ki\u015fi durumlar\u0131n\u0131n d\u00fczeltilmesi i\u00e7in yetkili birimlere teslim oldu."},"content":{"rendered":"<p>\u015eam, \u015eam K\u0131rsal\u0131, Homs, \u0130dlib ve Halep\u2019ten 300 ki\u015fi durumlar\u0131n\u0131n d\u00fczeltilmesi i\u00e7in yetkili birimlere teslim oldu.<\/p>\n","protected":false},"excerpt":{"rendered":"<p>\u015eam, \u015eam K\u0131rsal\u0131, Homs, \u0130dlib ve Halep\u2019ten 300 ki\u015fi durumlar\u0131n\u0131n d\u00fczeltilmesi i\u00e7in yetkili birimlere teslim oldu.<\/p>\n","protected":false},"author":1,"featured_media":0,"comment_status":"closed","ping_status":"closed","sticky":false,"template":"","format":"standard","meta":{"footnotes":""},"categories":[1],"tags":[1293,2756,2755,2297],"class_list":["post-11379","post","type-post","status-publish","format-standard","","category-news-not-sorted","tag-homs","tag-idlib-ve-halepten-300-kisi-durumlarinin-duzeltilmesi-icin-yetkili-birimlere-teslim-oldu","tag-sam","tag-sam-kirsali"],"_links":{"self":[{"href":"https:\/\/archive.sana.sy\/tr\/index.php?rest_route=\/wp\/v2\/posts\/11379","targetHints":{"allow":["GET"]}}],"collection":[{"href":"https:\/\/archive.sana.sy\/tr\/index.php?rest_route=\/wp\/v2\/posts"}],"about":[{"href":"https:\/\/archive.sana.sy\/tr\/index.php?rest_route=\/wp\/v2\/types\/post"}],"author":[{"embeddable":true,"href":"https:\/\/archive.sana.sy\/tr\/index.php?rest_route=\/wp\/v2\/users\/1"}],"replies":[{"embeddable":true,"href":"https:\/\/archive.sana.sy\/tr\/index.php?rest_route=%2Fwp%2Fv2%2Fcomments&post=11379"}],"version-history":[{"count":0,"href":"https:\/\/archive.sana.sy\/tr\/index.php?rest_route=\/wp\/v2\/posts\/11379\/revisions"}],"wp:attachment":[{"href":"https:\/\/archive.sana.sy\/tr\/index.php?rest_route=%2Fwp%2Fv2%2Fmedia&parent=11379"}],"wp:term":[{"taxonomy":"category","embeddable":true,"href":"https:\/\/archive.sana.sy\/tr\/index.php?rest_route=%2Fwp%2Fv2%2Fcategories&post=11379"},{"taxonomy":"post_tag","embeddable":true,"href":"https:\/\/archive.sana.sy\/tr\/index.php?rest_route=%2Fwp%2Fv2%2Ftags&post=11379"}],"curies":[{"name":"wp","href":"https:\/\/api.w.org\/{rel}","templated":true}]}}