{"id":11381,"date":"2014-09-27T12:57:44","date_gmt":"2014-09-27T09:57:44","guid":{"rendered":"http:\/\/www.sana.sy\/tr\/?p=11381"},"modified":"2014-09-27T12:55:20","modified_gmt":"2014-09-27T09:55:20","slug":"askeri-kaynak-ordu-birliklerimiz-sivil-savunma-gruplari-ve-onurlu-halkin-isbirligiyle-sam-kirsali-adra-beled-kentini-tamamen-kontrolu-altina-aldiklarini-cok-sayida-teroristi-oldurduklerini-bomba-im","status":"publish","type":"post","link":"https:\/\/archive.sana.sy\/tr\/?p=11381","title":{"rendered":"Askeri kaynak, ordu birliklerimiz sivil savunma gruplar\u0131 ve onurlu halk\u0131n i\u015fbirli\u011fiyle \u015eam K\u0131rsal\u0131 Adra Beled kentini tamamen kontrol\u00fc alt\u0131na ald\u0131klar\u0131n\u0131, \u00e7ok say\u0131da ter\u00f6risti \u00f6ld\u00fcrd\u00fcklerini, bomba imha ekiplerinin kenti tarama, ter\u00f6ristlerin yerle\u015ftirdikleri may\u0131n ve bubi tuzaklar\u0131n\u0131 ortadan kald\u0131rmaya ba\u015flad\u0131klar\u0131n\u0131 s\u00f6yledi."},"content":{"rendered":"<p>Askeri kaynak, ordu birliklerimiz sivil savunma gruplar\u0131 ve onurlu halk\u0131n i\u015fbirli\u011fiyle \u015eam K\u0131rsal\u0131 Adra Beled kentini tamamen kontrol\u00fc alt\u0131na ald\u0131klar\u0131n\u0131, \u00e7ok say\u0131da ter\u00f6risti \u00f6ld\u00fcrd\u00fcklerini, bomba imha ekiplerinin kenti tarama, ter\u00f6ristlerin yerle\u015ftirdikleri may\u0131n ve bubi tuzaklar\u0131n\u0131 ortadan kald\u0131rmaya ba\u015flad\u0131klar\u0131n\u0131 s\u00f6yledi.<\/p>\n","protected":false},"excerpt":{"rendered":"<p>Askeri kaynak, ordu birliklerimiz sivil savunma gruplar\u0131 ve onurlu halk\u0131n i\u015fbirli\u011fiyle \u015eam K\u0131rsal\u0131 Adra Beled kentini tamamen kontrol\u00fc alt\u0131na ald\u0131klar\u0131n\u0131, \u00e7ok say\u0131da ter\u00f6risti \u00f6ld\u00fcrd\u00fcklerini, bomba imha ekiplerinin kenti tarama, ter\u00f6ristlerin yerle\u015ftirdikleri may\u0131n ve bubi tuzaklar\u0131n\u0131 ortadan kald\u0131rmaya ba\u015flad\u0131klar\u0131n\u0131 s\u00f6yledi.<\/p>\n","protected":false},"author":1,"featured_media":0,"comment_status":"closed","ping_status":"closed","sticky":false,"template":"","format":"standard","meta":{"footnotes":""},"categories":[1],"tags":[1031,2759,2758,2757,2760],"class_list":["post-11381","post","type-post","status-publish","format-standard","","category-news-not-sorted","tag-askeri-kaynak","tag-bomba-imha-ekiplerinin-kenti-tarama","tag-cok-sayida-teroristi-oldurduklerini","tag-ordu-birliklerimiz-sivil-savunma-gruplari-ve-onurlu-halkin-isbirligiyle-sam-kirsali-adra-beled-kentini-tamamen-kontrolu-altina-aldiklarini","tag-teroristlerin-yerlestirdikleri-mayin-ve-bubi-tuzaklarini-ortadan-kaldirmaya-basladiklarini-soyledi"],"_links":{"self":[{"href":"https:\/\/archive.sana.sy\/tr\/index.php?rest_route=\/wp\/v2\/posts\/11381","targetHints":{"allow":["GET"]}}],"collection":[{"href":"https:\/\/archive.sana.sy\/tr\/index.php?rest_route=\/wp\/v2\/posts"}],"about":[{"href":"https:\/\/archive.sana.sy\/tr\/index.php?rest_route=\/wp\/v2\/types\/post"}],"author":[{"embeddable":true,"href":"https:\/\/archive.sana.sy\/tr\/index.php?rest_route=\/wp\/v2\/users\/1"}],"replies":[{"embeddable":true,"href":"https:\/\/archive.sana.sy\/tr\/index.php?rest_route=%2Fwp%2Fv2%2Fcomments&post=11381"}],"version-history":[{"count":0,"href":"https:\/\/archive.sana.sy\/tr\/index.php?rest_route=\/wp\/v2\/posts\/11381\/revisions"}],"wp:attachment":[{"href":"https:\/\/archive.sana.sy\/tr\/index.php?rest_route=%2Fwp%2Fv2%2Fmedia&parent=11381"}],"wp:term":[{"taxonomy":"category","embeddable":true,"href":"https:\/\/archive.sana.sy\/tr\/index.php?rest_route=%2Fwp%2Fv2%2Fcategories&post=11381"},{"taxonomy":"post_tag","embeddable":true,"href":"https:\/\/archive.sana.sy\/tr\/index.php?rest_route=%2Fwp%2Fv2%2Ftags&post=11381"}],"curies":[{"name":"wp","href":"https:\/\/api.w.org\/{rel}","templated":true}]}}