{"id":113860,"date":"2017-05-17T16:11:51","date_gmt":"2017-05-17T13:11:51","guid":{"rendered":"http:\/\/www.sana.sy\/tr\/?p=113860"},"modified":"2017-05-17T16:11:51","modified_gmt":"2017-05-17T13:11:51","slug":"ceys-erkekler-basketbol-ligi-finallerine-yukseldi","status":"publish","type":"post","link":"https:\/\/archive.sana.sy\/tr\/?p=113860","title":{"rendered":"Cey\u015f Erkekler Basketbol ligi finallerine y\u00fckseldi"},"content":{"rendered":"<p>Cey\u015f Erkekler Basketbol ligi finallerine y\u00fckseldi<\/p>\n<p>https:\/\/www.youtube.com\/watch?v=ZQnWED8WjOQ<\/p>\n","protected":false},"excerpt":{"rendered":"<p>Cey\u015f Erkekler Basketbol ligi finallerine y\u00fckseldi https:\/\/www.youtube.com\/watch?v=ZQnWED8WjOQ<\/p>\n","protected":false},"author":1,"featured_media":113865,"comment_status":"closed","ping_status":"closed","sticky":false,"template":"","format":"standard","meta":{"footnotes":""},"categories":[18295],"tags":[],"class_list":["post-113860","post","type-post","status-publish","format-standard","has-post-thumbnail","","category-sana-video"],"_links":{"self":[{"href":"https:\/\/archive.sana.sy\/tr\/index.php?rest_route=\/wp\/v2\/posts\/113860","targetHints":{"allow":["GET"]}}],"collection":[{"href":"https:\/\/archive.sana.sy\/tr\/index.php?rest_route=\/wp\/v2\/posts"}],"about":[{"href":"https:\/\/archive.sana.sy\/tr\/index.php?rest_route=\/wp\/v2\/types\/post"}],"author":[{"embeddable":true,"href":"https:\/\/archive.sana.sy\/tr\/index.php?rest_route=\/wp\/v2\/users\/1"}],"replies":[{"embeddable":true,"href":"https:\/\/archive.sana.sy\/tr\/index.php?rest_route=%2Fwp%2Fv2%2Fcomments&post=113860"}],"version-history":[{"count":0,"href":"https:\/\/archive.sana.sy\/tr\/index.php?rest_route=\/wp\/v2\/posts\/113860\/revisions"}],"wp:featuredmedia":[{"embeddable":true,"href":"https:\/\/archive.sana.sy\/tr\/index.php?rest_route=\/wp\/v2\/media\/113865"}],"wp:attachment":[{"href":"https:\/\/archive.sana.sy\/tr\/index.php?rest_route=%2Fwp%2Fv2%2Fmedia&parent=113860"}],"wp:term":[{"taxonomy":"category","embeddable":true,"href":"https:\/\/archive.sana.sy\/tr\/index.php?rest_route=%2Fwp%2Fv2%2Fcategories&post=113860"},{"taxonomy":"post_tag","embeddable":true,"href":"https:\/\/archive.sana.sy\/tr\/index.php?rest_route=%2Fwp%2Fv2%2Ftags&post=113860"}],"curies":[{"name":"wp","href":"https:\/\/api.w.org\/{rel}","templated":true}]}}