{"id":113876,"date":"2017-05-17T16:30:41","date_gmt":"2017-05-17T13:30:41","guid":{"rendered":"http:\/\/www.sana.sy\/tr\/?p=113876"},"modified":"2017-05-17T16:42:24","modified_gmt":"2017-05-17T13:42:24","slug":"sananin-deyrezzor-muhabiri-isidin-insansiz-hava-araclari-ile-kusur-semtini-bombalamasi-sonucunda-3-sivil-vatandasin-yaralandigini-aktardi","status":"publish","type":"post","link":"https:\/\/archive.sana.sy\/tr\/?p=113876","title":{"rendered":"SANA\u2019n\u0131n Deyrezzor muhabiri; I\u015e\u0130D\u2019in insans\u0131z hava ara\u00e7lar\u0131 ile Kusur Semtini bombalamas\u0131 sonucunda 3 sivil vatanda\u015f\u0131n yaraland\u0131\u011f\u0131n\u0131 aktard\u0131"},"content":{"rendered":"<p>SANA\u2019n\u0131n Deyrezzor muhabiri; I\u015e\u0130D\u2019in insans\u0131z hava ara\u00e7lar\u0131 ile Kusur Semtini bombalamas\u0131 sonucunda 3 sivil vatanda\u015f\u0131n yaraland\u0131\u011f\u0131n\u0131 aktard\u0131<\/p>\n","protected":false},"excerpt":{"rendered":"<p>SANA\u2019n\u0131n Deyrezzor muhabiri; I\u015e\u0130D\u2019in insans\u0131z hava ara\u00e7lar\u0131 ile Kusur Semtini bombalamas\u0131 sonucunda 3 sivil vatanda\u015f\u0131n yaraland\u0131\u011f\u0131n\u0131 aktard\u0131<\/p>\n","protected":false},"author":1,"featured_media":0,"comment_status":"closed","ping_status":"closed","sticky":false,"template":"","format":"standard","meta":{"footnotes":""},"categories":[17991],"tags":[],"class_list":["post-113876","post","type-post","status-publish","format-standard","","category-son-dakika"],"_links":{"self":[{"href":"https:\/\/archive.sana.sy\/tr\/index.php?rest_route=\/wp\/v2\/posts\/113876","targetHints":{"allow":["GET"]}}],"collection":[{"href":"https:\/\/archive.sana.sy\/tr\/index.php?rest_route=\/wp\/v2\/posts"}],"about":[{"href":"https:\/\/archive.sana.sy\/tr\/index.php?rest_route=\/wp\/v2\/types\/post"}],"author":[{"embeddable":true,"href":"https:\/\/archive.sana.sy\/tr\/index.php?rest_route=\/wp\/v2\/users\/1"}],"replies":[{"embeddable":true,"href":"https:\/\/archive.sana.sy\/tr\/index.php?rest_route=%2Fwp%2Fv2%2Fcomments&post=113876"}],"version-history":[{"count":0,"href":"https:\/\/archive.sana.sy\/tr\/index.php?rest_route=\/wp\/v2\/posts\/113876\/revisions"}],"wp:attachment":[{"href":"https:\/\/archive.sana.sy\/tr\/index.php?rest_route=%2Fwp%2Fv2%2Fmedia&parent=113876"}],"wp:term":[{"taxonomy":"category","embeddable":true,"href":"https:\/\/archive.sana.sy\/tr\/index.php?rest_route=%2Fwp%2Fv2%2Fcategories&post=113876"},{"taxonomy":"post_tag","embeddable":true,"href":"https:\/\/archive.sana.sy\/tr\/index.php?rest_route=%2Fwp%2Fv2%2Ftags&post=113876"}],"curies":[{"name":"wp","href":"https:\/\/api.w.org\/{rel}","templated":true}]}}