{"id":11390,"date":"2014-09-27T13:00:13","date_gmt":"2014-09-27T10:00:13","guid":{"rendered":"http:\/\/www.sana.sy\/tr\/?p=11390"},"modified":"2014-09-28T12:59:29","modified_gmt":"2014-09-28T09:59:29","slug":"300-kisi-silahlariyla-teslim-oldu","status":"publish","type":"post","link":"https:\/\/archive.sana.sy\/tr\/?p=11390","title":{"rendered":"367 Ki\u015fi Silahlar\u0131yla Teslim Oldu"},"content":{"rendered":"<p>\u0130LLER \u2013 \u015eam ve k\u0131rsal\u0131n\u0131n yan\u0131 s\u0131ra Homs, \u0130dlib ve Halep illerinin muhtelif b\u00f6lgelerinden 300 ki\u015fi bug\u00fcn genel af yasas\u0131ndan faydalanmak \u00fczere silahlar\u0131yla birlikte ilgili birimlere teslim oldu.<\/p>\n<p>G\u00fcn\u00fcn ilerleyen saatlerinde de yine \u015eam ve k\u0131rsal\u0131n\u0131n yan\u0131 s\u0131ra Homs, Hama, Halep, \u0130dlib, Haseke ve Rakka illerinin muhtelif b\u00f6lgelerinden benzer durumda 67 kanun ka\u00e7a\u011f\u0131 silahlar\u0131yla birlikte teslim oldu.<\/p>\n<p>Emniyet kayna\u011f\u0131 teslim olanlar\u0131n kanuni durumlar\u0131n\u0131n yeniden g\u00f6zden ge\u00e7irilece\u011fini, rehabilitasyon ve bilin\u00e7lendirme panellerine kat\u0131lmalar\u0131n\u0131n yan\u0131nda yeniden ulusal g\u00fcvenli\u011fi tehdit edecek eylemlere kat\u0131lmama taahh\u00fcd\u00fc imzalamalar\u0131 ard\u0131ndan serbest b\u0131rak\u0131lacaklar\u0131n\u0131 belirtti.<\/p>\n","protected":false},"excerpt":{"rendered":"<p>\u0130LLER \u2013 \u015eam ve k\u0131rsal\u0131n\u0131n yan\u0131 s\u0131ra Homs, \u0130dlib ve Halep illerinin muhtelif b\u00f6lgelerinden 300 ki\u015fi bug\u00fcn genel af yasas\u0131ndan faydalanmak \u00fczere silahlar\u0131yla birlikte ilgili birimlere teslim oldu. G\u00fcn\u00fcn ilerleyen saatlerinde de yine \u015eam ve k\u0131rsal\u0131n\u0131n yan\u0131 s\u0131ra Homs, Hama, Halep, \u0130dlib, Haseke ve Rakka illerinin muhtelif b\u00f6lgelerinden benzer durumda 67 kanun ka\u00e7a\u011f\u0131 silahlar\u0131yla birlikte &hellip;<\/p>\n","protected":false},"author":1,"featured_media":11391,"comment_status":"closed","ping_status":"closed","sticky":false,"template":"","format":"standard","meta":{"footnotes":""},"categories":[479,575,478],"tags":[2763],"class_list":["post-11390","post","type-post","status-publish","format-standard","has-post-thumbnail","","category-haberler-yerel","category-olaylar-ve-gercekler","category-yerel","tag-300-kisi-silahlariyla-teslim-oldu"],"_links":{"self":[{"href":"https:\/\/archive.sana.sy\/tr\/index.php?rest_route=\/wp\/v2\/posts\/11390","targetHints":{"allow":["GET"]}}],"collection":[{"href":"https:\/\/archive.sana.sy\/tr\/index.php?rest_route=\/wp\/v2\/posts"}],"about":[{"href":"https:\/\/archive.sana.sy\/tr\/index.php?rest_route=\/wp\/v2\/types\/post"}],"author":[{"embeddable":true,"href":"https:\/\/archive.sana.sy\/tr\/index.php?rest_route=\/wp\/v2\/users\/1"}],"replies":[{"embeddable":true,"href":"https:\/\/archive.sana.sy\/tr\/index.php?rest_route=%2Fwp%2Fv2%2Fcomments&post=11390"}],"version-history":[{"count":0,"href":"https:\/\/archive.sana.sy\/tr\/index.php?rest_route=\/wp\/v2\/posts\/11390\/revisions"}],"wp:featuredmedia":[{"embeddable":true,"href":"https:\/\/archive.sana.sy\/tr\/index.php?rest_route=\/wp\/v2\/media\/11391"}],"wp:attachment":[{"href":"https:\/\/archive.sana.sy\/tr\/index.php?rest_route=%2Fwp%2Fv2%2Fmedia&parent=11390"}],"wp:term":[{"taxonomy":"category","embeddable":true,"href":"https:\/\/archive.sana.sy\/tr\/index.php?rest_route=%2Fwp%2Fv2%2Fcategories&post=11390"},{"taxonomy":"post_tag","embeddable":true,"href":"https:\/\/archive.sana.sy\/tr\/index.php?rest_route=%2Fwp%2Fv2%2Ftags&post=11390"}],"curies":[{"name":"wp","href":"https:\/\/api.w.org\/{rel}","templated":true}]}}