{"id":114119,"date":"2017-05-21T15:17:29","date_gmt":"2017-05-21T12:17:29","guid":{"rendered":"http:\/\/www.sana.sy\/tr\/?p=114119"},"modified":"2017-05-22T15:18:08","modified_gmt":"2017-05-22T12:18:08","slug":"isidin-karargahlari-ve-araclari-imha-ediliyor","status":"publish","type":"post","link":"https:\/\/archive.sana.sy\/tr\/?p=114119","title":{"rendered":"I\u015e\u0130D\u2019in Karargahlar\u0131 ve Ara\u00e7lar\u0131 \u0130mha Ediliyor"},"content":{"rendered":"<p>\u0130LLER \u2013 Hava g\u00fc\u00e7lerimiz ve top\u00e7u birliklerimizin deste\u011fi ile tekfirci ter\u00f6re kar\u015f\u0131 operasyonlar\u0131nda ordu birliklerimiz bug\u00fcn I\u015e\u0130D\u2019in karargahlar\u0131, ara\u00e7lar\u0131 ve hareketlenmelerini yo\u011fun ate\u015fe tuttu.<\/p>\n<p><span style=\"color: #0000ff\">HAMA:<\/span><\/p>\n<p>Askeri kaynak SANA\u2019ya a\u00e7\u0131klamalar\u0131nda; top\u00e7u birliklerimizin Hama \u0130linin do\u011fusu Selemiye k\u0131rsal\u0131n\u0131n da do\u011fusunda yer alan Kleyb el Savr ve Ebu Hanaya beldelerinde I\u015e\u0130D\u2019in mevki ve karargahlar\u0131n\u0131 yo\u011fun ate\u015fe tuttuklar\u0131n\u0131 belirtti. Kaynak operasyonlarda aralar\u0131nda tehlikeli isimlerin bulundu\u011fu bir\u00e7ok ter\u00f6ristle birlikte b\u00fcy\u00fck miktarda silah ve m\u00fchimmat\u0131n imha edildi\u011fini aktard\u0131.<\/p>\n<p><span style=\"color: #0000ff\">HOMS:<\/span><\/p>\n<p>Bu arada askeri kaynak top\u00e7u birliklerimizin Homs \u0130linin do\u011fusu G\u00fcney M\u015feyrfe, Tleyla Koruma B\u00f6lgesi ve Erak ekseninde I\u015e\u0130D\u2019in mevkilerini yo\u011fun ate\u015fe tuttuklar\u0131n\u0131 ifade etti.<\/p>\n<p>Top ate\u015finde bir k\u0131sm\u0131 z\u0131rhl\u0131, bir k\u0131sm\u0131 da a\u011f\u0131r silahlarla donat\u0131lm\u0131\u015f bir\u00e7ok arac\u0131n imha edildi\u011fini belirten kaynak, aralar\u0131nda saha komutanlar\u0131n\u0131n bulundu\u011fu \u00e7ok say\u0131da ter\u00f6ristin \u00f6ld\u00fcr\u00fcld\u00fc\u011f\u00fcn\u00fc s\u00f6yledi.<\/p>\n<p><span style=\"color: #0000ff\">DEYREZZOR:<\/span><\/p>\n<p>\u00d6ye yandan Deyrezzor\u2019da askeri bir kaynak ordu birliklerimizin kentin g\u00fcney kenarlar\u0131 Maliha yolu \u00fczerinde ger\u00e7ekle\u015ftirdikleri nitelikli bir operasyonla I\u015e\u0130D\u2019in bir siper noktas\u0131n\u0131 yok edip bir\u00e7ok ter\u00f6risti \u00f6l\u00fc yaral\u0131 d\u00fc\u015f\u00fcrd\u00fcklerini belirtti.<\/p>\n<p>Top\u00e7u birliklerimizin Deyrezzor Kentinin Ummal ve Matar semtlerine ilaveten Makabir, Mekabbat, kerpi\u00e7 fabrikalar\u0131 b\u00f6lgesi, askeri havaliman\u0131n\u0131n yak\u0131nlar\u0131 ve Sannuf Tepesinin bat\u0131s\u0131nda I\u015e\u0130D\u2019in siper, karargah ve hareketlenmelerini yo\u011fun ate\u015fe tuttuklar\u0131n\u0131 belirten askeri kaynak; y\u00fcksek say\u0131da ter\u00f6ristin b\u00fcy\u00fck miktarda cephaneyle birlikte etkisiz hale getirildiklerini kaydetti.<\/p>\n","protected":false},"excerpt":{"rendered":"<p>\u0130LLER \u2013 Hava g\u00fc\u00e7lerimiz ve top\u00e7u birliklerimizin deste\u011fi ile tekfirci ter\u00f6re kar\u015f\u0131 operasyonlar\u0131nda ordu birliklerimiz bug\u00fcn I\u015e\u0130D\u2019in karargahlar\u0131, ara\u00e7lar\u0131 ve hareketlenmelerini yo\u011fun ate\u015fe tuttu. HAMA: Askeri kaynak SANA\u2019ya a\u00e7\u0131klamalar\u0131nda; top\u00e7u birliklerimizin Hama \u0130linin do\u011fusu Selemiye k\u0131rsal\u0131n\u0131n da do\u011fusunda yer alan Kleyb el Savr ve Ebu Hanaya beldelerinde I\u015e\u0130D\u2019in mevki ve karargahlar\u0131n\u0131 yo\u011fun ate\u015fe tuttuklar\u0131n\u0131 belirtti. &hellip;<\/p>\n","protected":false},"author":1,"featured_media":114126,"comment_status":"closed","ping_status":"closed","sticky":false,"template":"","format":"standard","meta":{"footnotes":""},"categories":[479,575,17988,478],"tags":[],"class_list":["post-114119","post","type-post","status-publish","format-standard","has-post-thumbnail","","category-haberler-yerel","category-olaylar-ve-gercekler","category-son-haberler","category-yerel"],"_links":{"self":[{"href":"https:\/\/archive.sana.sy\/tr\/index.php?rest_route=\/wp\/v2\/posts\/114119","targetHints":{"allow":["GET"]}}],"collection":[{"href":"https:\/\/archive.sana.sy\/tr\/index.php?rest_route=\/wp\/v2\/posts"}],"about":[{"href":"https:\/\/archive.sana.sy\/tr\/index.php?rest_route=\/wp\/v2\/types\/post"}],"author":[{"embeddable":true,"href":"https:\/\/archive.sana.sy\/tr\/index.php?rest_route=\/wp\/v2\/users\/1"}],"replies":[{"embeddable":true,"href":"https:\/\/archive.sana.sy\/tr\/index.php?rest_route=%2Fwp%2Fv2%2Fcomments&post=114119"}],"version-history":[{"count":0,"href":"https:\/\/archive.sana.sy\/tr\/index.php?rest_route=\/wp\/v2\/posts\/114119\/revisions"}],"wp:featuredmedia":[{"embeddable":true,"href":"https:\/\/archive.sana.sy\/tr\/index.php?rest_route=\/wp\/v2\/media\/114126"}],"wp:attachment":[{"href":"https:\/\/archive.sana.sy\/tr\/index.php?rest_route=%2Fwp%2Fv2%2Fmedia&parent=114119"}],"wp:term":[{"taxonomy":"category","embeddable":true,"href":"https:\/\/archive.sana.sy\/tr\/index.php?rest_route=%2Fwp%2Fv2%2Fcategories&post=114119"},{"taxonomy":"post_tag","embeddable":true,"href":"https:\/\/archive.sana.sy\/tr\/index.php?rest_route=%2Fwp%2Fv2%2Ftags&post=114119"}],"curies":[{"name":"wp","href":"https:\/\/api.w.org\/{rel}","templated":true}]}}