{"id":114635,"date":"2017-05-27T15:20:42","date_gmt":"2017-05-27T12:20:42","guid":{"rendered":"http:\/\/www.sana.sy\/tr\/?p=114635"},"modified":"2017-05-27T15:44:44","modified_gmt":"2017-05-27T12:44:44","slug":"disisleri-ve-gurbetciler-bakanliginda-yetkili-bir-kaynak-suriyenin-dun-misirin-menya-ilinde-dini-seyahatte-bulunan-sivil-vatandaslari-hedef-alan-ve-aralarinda-cocuk-ve-kadinlarin-bulundugu","status":"publish","type":"post","link":"https:\/\/archive.sana.sy\/tr\/?p=114635","title":{"rendered":"D\u0131\u015fi\u015fleri ve Gurbet\u00e7iler Bakanl\u0131\u011f\u0131nda yetkili bir kaynak Suriye&#8217;nin; d\u00fcn M\u0131s\u0131r\u2019\u0131n Menya \u0130linde dini seyahatte bulunan sivil vatanda\u015flar\u0131 hedef alan ve aralar\u0131nda \u00e7ocuk ve kad\u0131nlar\u0131n bulundu\u011fu 29 ki\u015finin ya\u015fam\u0131n\u0131 yitirmelerine, \u00e7ok say\u0131da ki\u015finin de yaralanmas\u0131na yol a\u00e7an ter\u00f6r sald\u0131r\u0131s\u0131n\u0131 keskin ifadelerle k\u0131nad\u0131\u011f\u0131n\u0131 belirtti"},"content":{"rendered":"<p>D\u0131\u015fi\u015fleri ve Gurbet\u00e7iler Bakanl\u0131\u011f\u0131nda yetkili bir kaynak Suriye&#8217;nin; d\u00fcn M\u0131s\u0131r\u2019\u0131n Menya \u0130linde dini seyahatte bulunan sivil vatanda\u015flar\u0131 hedef alan ve aralar\u0131nda \u00e7ocuk ve kad\u0131nlar\u0131n bulundu\u011fu 29 ki\u015finin ya\u015fam\u0131n\u0131 yitirmelerine, \u00e7ok say\u0131da ki\u015finin de yaralanmas\u0131na yol a\u00e7an ter\u00f6r sald\u0131r\u0131s\u0131n\u0131 keskin ifadelerle k\u0131nad\u0131\u011f\u0131n\u0131 belirtti<\/p>\n","protected":false},"excerpt":{"rendered":"<p>D\u0131\u015fi\u015fleri ve Gurbet\u00e7iler Bakanl\u0131\u011f\u0131nda yetkili bir kaynak Suriye&#8217;nin; d\u00fcn M\u0131s\u0131r\u2019\u0131n Menya \u0130linde dini seyahatte bulunan sivil vatanda\u015flar\u0131 hedef alan ve aralar\u0131nda \u00e7ocuk ve kad\u0131nlar\u0131n bulundu\u011fu 29 ki\u015finin ya\u015fam\u0131n\u0131 yitirmelerine, \u00e7ok say\u0131da ki\u015finin de yaralanmas\u0131na yol a\u00e7an ter\u00f6r sald\u0131r\u0131s\u0131n\u0131 keskin ifadelerle k\u0131nad\u0131\u011f\u0131n\u0131 belirtti<\/p>\n","protected":false},"author":1,"featured_media":0,"comment_status":"closed","ping_status":"closed","sticky":false,"template":"","format":"standard","meta":{"footnotes":""},"categories":[17991],"tags":[],"class_list":["post-114635","post","type-post","status-publish","format-standard","","category-son-dakika"],"_links":{"self":[{"href":"https:\/\/archive.sana.sy\/tr\/index.php?rest_route=\/wp\/v2\/posts\/114635","targetHints":{"allow":["GET"]}}],"collection":[{"href":"https:\/\/archive.sana.sy\/tr\/index.php?rest_route=\/wp\/v2\/posts"}],"about":[{"href":"https:\/\/archive.sana.sy\/tr\/index.php?rest_route=\/wp\/v2\/types\/post"}],"author":[{"embeddable":true,"href":"https:\/\/archive.sana.sy\/tr\/index.php?rest_route=\/wp\/v2\/users\/1"}],"replies":[{"embeddable":true,"href":"https:\/\/archive.sana.sy\/tr\/index.php?rest_route=%2Fwp%2Fv2%2Fcomments&post=114635"}],"version-history":[{"count":0,"href":"https:\/\/archive.sana.sy\/tr\/index.php?rest_route=\/wp\/v2\/posts\/114635\/revisions"}],"wp:attachment":[{"href":"https:\/\/archive.sana.sy\/tr\/index.php?rest_route=%2Fwp%2Fv2%2Fmedia&parent=114635"}],"wp:term":[{"taxonomy":"category","embeddable":true,"href":"https:\/\/archive.sana.sy\/tr\/index.php?rest_route=%2Fwp%2Fv2%2Fcategories&post=114635"},{"taxonomy":"post_tag","embeddable":true,"href":"https:\/\/archive.sana.sy\/tr\/index.php?rest_route=%2Fwp%2Fv2%2Ftags&post=114635"}],"curies":[{"name":"wp","href":"https:\/\/api.w.org\/{rel}","templated":true}]}}