{"id":114691,"date":"2017-05-28T13:30:57","date_gmt":"2017-05-28T10:30:57","guid":{"rendered":"http:\/\/www.sana.sy\/tr\/?p=114691"},"modified":"2017-05-29T14:25:16","modified_gmt":"2017-05-29T11:25:16","slug":"personel-atama-yarismalarinda-sehit-yakinlarinin-kontenjani-arttirildi","status":"publish","type":"post","link":"https:\/\/archive.sana.sy\/tr\/?p=114691","title":{"rendered":"Personel Atama Yar\u0131\u015fmalar\u0131nda \u015eehit Yak\u0131nlar\u0131n\u0131n Kontenjan\u0131 Artt\u0131r\u0131ld\u0131"},"content":{"rendered":"<p>\u015eAM \u2013 Cumhurba\u015fkan\u0131 Be\u015f\u015far el Esad bug\u00fcn, kamu kurumlar\u0131na personel atama yar\u0131\u015fmalar\u0131nda \u015fehit yak\u0131nlar\u0131 i\u00e7in ayr\u0131lan kontenjanlar\u0131n %50\u2019ye y\u00fckseltilmesini \u00f6ng\u00f6ren 2017\/22 say\u0131l\u0131 yasama karar\u0131n\u0131 onaylad\u0131.<\/p>\n<p>Halk Meclisi ve kabinenin tart\u0131\u015f\u0131p onaylamas\u0131 ard\u0131ndan cumhurba\u015fkanl\u0131\u011f\u0131 onay\u0131na sevk etti\u011fi s\u00f6z konusu yasama karar\u0131, \u015fehitlerin \u00e7ocuklar\u0131n\u0131n olmamas\u0131 halinde bu kontenjan\u0131n \u015fehit karde\u015flerine ayr\u0131lmas\u0131n\u0131 \u00f6ng\u00f6r\u00fcyor.<\/p>\n","protected":false},"excerpt":{"rendered":"<p>\u015eAM \u2013 Cumhurba\u015fkan\u0131 Be\u015f\u015far el Esad bug\u00fcn, kamu kurumlar\u0131na personel atama yar\u0131\u015fmalar\u0131nda \u015fehit yak\u0131nlar\u0131 i\u00e7in ayr\u0131lan kontenjanlar\u0131n %50\u2019ye y\u00fckseltilmesini \u00f6ng\u00f6ren 2017\/22 say\u0131l\u0131 yasama karar\u0131n\u0131 onaylad\u0131. Halk Meclisi ve kabinenin tart\u0131\u015f\u0131p onaylamas\u0131 ard\u0131ndan cumhurba\u015fkanl\u0131\u011f\u0131 onay\u0131na sevk etti\u011fi s\u00f6z konusu yasama karar\u0131, \u015fehitlerin \u00e7ocuklar\u0131n\u0131n olmamas\u0131 halinde bu kontenjan\u0131n \u015fehit karde\u015flerine ayr\u0131lmas\u0131n\u0131 \u00f6ng\u00f6r\u00fcyor.<\/p>\n","protected":false},"author":1,"featured_media":114693,"comment_status":"closed","ping_status":"closed","sticky":false,"template":"","format":"standard","meta":{"footnotes":""},"categories":[479,605,17988,612,599,478],"tags":[17256,19845,2946,18310,29586,29587,16591,12240,24119,16714],"class_list":["post-114691","post","type-post","status-publish","format-standard","has-post-thumbnail","","category-haberler-yerel","category-sayin-cumhurbaskani","category-son-haberler","category-yasama-kararnameler","category-yasama-ve-kanunlar","category-yerel","tag-bessar-el-esad","tag-cumhurbaskanligi","tag-sehit-aileleri","tag-sehitler","tag-sehitlere-takdir","tag-sehitlerimiz","tag-suriye","tag-suriye-hukumeti","tag-suriye-lideri","tag-yasama-karari"],"_links":{"self":[{"href":"https:\/\/archive.sana.sy\/tr\/index.php?rest_route=\/wp\/v2\/posts\/114691","targetHints":{"allow":["GET"]}}],"collection":[{"href":"https:\/\/archive.sana.sy\/tr\/index.php?rest_route=\/wp\/v2\/posts"}],"about":[{"href":"https:\/\/archive.sana.sy\/tr\/index.php?rest_route=\/wp\/v2\/types\/post"}],"author":[{"embeddable":true,"href":"https:\/\/archive.sana.sy\/tr\/index.php?rest_route=\/wp\/v2\/users\/1"}],"replies":[{"embeddable":true,"href":"https:\/\/archive.sana.sy\/tr\/index.php?rest_route=%2Fwp%2Fv2%2Fcomments&post=114691"}],"version-history":[{"count":0,"href":"https:\/\/archive.sana.sy\/tr\/index.php?rest_route=\/wp\/v2\/posts\/114691\/revisions"}],"wp:featuredmedia":[{"embeddable":true,"href":"https:\/\/archive.sana.sy\/tr\/index.php?rest_route=\/wp\/v2\/media\/114693"}],"wp:attachment":[{"href":"https:\/\/archive.sana.sy\/tr\/index.php?rest_route=%2Fwp%2Fv2%2Fmedia&parent=114691"}],"wp:term":[{"taxonomy":"category","embeddable":true,"href":"https:\/\/archive.sana.sy\/tr\/index.php?rest_route=%2Fwp%2Fv2%2Fcategories&post=114691"},{"taxonomy":"post_tag","embeddable":true,"href":"https:\/\/archive.sana.sy\/tr\/index.php?rest_route=%2Fwp%2Fv2%2Ftags&post=114691"}],"curies":[{"name":"wp","href":"https:\/\/api.w.org\/{rel}","templated":true}]}}