{"id":114692,"date":"2017-05-28T09:00:34","date_gmt":"2017-05-28T06:00:34","guid":{"rendered":"http:\/\/www.sana.sy\/tr\/?p=114692"},"modified":"2017-05-29T14:30:06","modified_gmt":"2017-05-29T11:30:06","slug":"karar-alma-zamani-geldi","status":"publish","type":"post","link":"https:\/\/archive.sana.sy\/tr\/?p=114692","title":{"rendered":"Karar Alma Zaman\u0131 Geldi"},"content":{"rendered":"<p>MOSKOVA \u2013 Rusya Ba\u015fkan Yard\u0131mc\u0131s\u0131 Igor Levitin; ter\u00f6rle m\u00fccadele ve Suriye&#8217;deki krizin siyasi \u00e7\u00f6z\u00fcm\u00fc konusunda Rusya&#8217;n\u0131n her daim ABD ile yap\u0131c\u0131 bir diyalogda bulunmaya haz\u0131r oldu\u011funu belirtti.<\/p>\n<p>Balt\u0131k Forumunda yapt\u0131\u011f\u0131 konu\u015fmada Levitin; Rusya ile Bat\u0131 aras\u0131nda son zamanlarda minimum seviyeye ula\u015fan ili\u015fkilerin iyile\u015ftirilmesi ya da gerginli\u011fin t\u0131rmand\u0131r\u0131lmas\u0131 konusunda karar alma zaman\u0131 geldi\u011fini belirtti. Levitin d\u00fcnyan\u0131n kritik bir a\u015famada oldu\u011funa dikkat \u00e7ekerken, t\u00fcm sorunlar\u0131 birden \u00e7\u00f6zmenin m\u00fcmk\u00fcn olmad\u0131\u011f\u0131n\u0131, fakat en az\u0131ndan u\u00e7urum kenar\u0131ndan uzakla\u015fma ve \u00e7\u00f6z\u00fclebilir sorunlar\u0131 \u00e7\u00f6zme gere\u011fini kaydetti.<\/p>\n","protected":false},"excerpt":{"rendered":"<p>MOSKOVA \u2013 Rusya Ba\u015fkan Yard\u0131mc\u0131s\u0131 Igor Levitin; ter\u00f6rle m\u00fccadele ve Suriye&#8217;deki krizin siyasi \u00e7\u00f6z\u00fcm\u00fc konusunda Rusya&#8217;n\u0131n her daim ABD ile yap\u0131c\u0131 bir diyalogda bulunmaya haz\u0131r oldu\u011funu belirtti. Balt\u0131k Forumunda yapt\u0131\u011f\u0131 konu\u015fmada Levitin; Rusya ile Bat\u0131 aras\u0131nda son zamanlarda minimum seviyeye ula\u015fan ili\u015fkilerin iyile\u015ftirilmesi ya da gerginli\u011fin t\u0131rmand\u0131r\u0131lmas\u0131 konusunda karar alma zaman\u0131 geldi\u011fini belirtti. Levitin d\u00fcnyan\u0131n &hellip;<\/p>\n","protected":false},"author":1,"featured_media":114699,"comment_status":"closed","ping_status":"closed","sticky":false,"template":"","format":"standard","meta":{"footnotes":""},"categories":[458,459,17988],"tags":[1381,29590,16592,23622,20151,10972,18574,4076],"class_list":["post-114692","post","type-post","status-publish","format-standard","has-post-thumbnail","","category-dunya1","category-haberler-arap-uluslararasi-politika","category-son-haberler","tag-abd","tag-igor-levitin","tag-rusya","tag-rusya-ve-abd","tag-rusya-ve-suriye","tag-siyasi-cozum","tag-suriye-krizi","tag-terorle-mucadele"],"_links":{"self":[{"href":"https:\/\/archive.sana.sy\/tr\/index.php?rest_route=\/wp\/v2\/posts\/114692","targetHints":{"allow":["GET"]}}],"collection":[{"href":"https:\/\/archive.sana.sy\/tr\/index.php?rest_route=\/wp\/v2\/posts"}],"about":[{"href":"https:\/\/archive.sana.sy\/tr\/index.php?rest_route=\/wp\/v2\/types\/post"}],"author":[{"embeddable":true,"href":"https:\/\/archive.sana.sy\/tr\/index.php?rest_route=\/wp\/v2\/users\/1"}],"replies":[{"embeddable":true,"href":"https:\/\/archive.sana.sy\/tr\/index.php?rest_route=%2Fwp%2Fv2%2Fcomments&post=114692"}],"version-history":[{"count":0,"href":"https:\/\/archive.sana.sy\/tr\/index.php?rest_route=\/wp\/v2\/posts\/114692\/revisions"}],"wp:featuredmedia":[{"embeddable":true,"href":"https:\/\/archive.sana.sy\/tr\/index.php?rest_route=\/wp\/v2\/media\/114699"}],"wp:attachment":[{"href":"https:\/\/archive.sana.sy\/tr\/index.php?rest_route=%2Fwp%2Fv2%2Fmedia&parent=114692"}],"wp:term":[{"taxonomy":"category","embeddable":true,"href":"https:\/\/archive.sana.sy\/tr\/index.php?rest_route=%2Fwp%2Fv2%2Fcategories&post=114692"},{"taxonomy":"post_tag","embeddable":true,"href":"https:\/\/archive.sana.sy\/tr\/index.php?rest_route=%2Fwp%2Fv2%2Ftags&post=114692"}],"curies":[{"name":"wp","href":"https:\/\/api.w.org\/{rel}","templated":true}]}}