{"id":114695,"date":"2017-05-28T13:47:09","date_gmt":"2017-05-28T10:47:09","guid":{"rendered":"http:\/\/www.sana.sy\/tr\/?p=114695"},"modified":"2017-05-29T14:43:34","modified_gmt":"2017-05-29T11:43:34","slug":"konut-insaati-calismalari-yogunlastirildi","status":"publish","type":"post","link":"https:\/\/archive.sana.sy\/tr\/?p=114695","title":{"rendered":"Konut \u0130n\u015faat\u0131 \u00c7al\u0131\u015fmalar\u0131 Yo\u011funla\u015ft\u0131r\u0131ld\u0131 (video)"},"content":{"rendered":"<p>\u015eAM \u2013 Yap\u0131 ve \u0130n\u015faat Kamu Kurumunun G\u00fcney B\u00f6lge M\u00fcd\u00fcr\u00fc Ali Hasan; \u015firketin mevcut ko\u015fullara ra\u011fmen konut in\u015faat\u0131nda \u00f6zel sekt\u00f6r ile g\u00fc\u00e7l\u00fc bir rekabete girdi\u011fini ve bir dizi b\u00f6lgede konut projelerini tamamlad\u0131\u011f\u0131n\u0131 belirtti.<\/p>\n<p>SANA\u2019ya a\u00e7\u0131klama yapan Hasan; kriz s\u00fcresinde konut sorununun en \u00f6nemli meselelerden biri oldu\u011funa dikkat \u00e7ekerken, ter\u00f6r sald\u0131r\u0131lar\u0131 nedeniyle evlerinden tehcir edilen vatanda\u015flar\u0131n y\u00fcksek say\u0131s\u0131 ve yine ter\u00f6r sald\u0131r\u0131lar\u0131 nedeniyle yerle\u015fim alanlar\u0131nda meydana gelen y\u0131k\u0131m sonucunda konut temininin vatanda\u015flar\u0131n kar\u015f\u0131la\u015ft\u0131klar\u0131 en ciddi sorunlardan biri oldu\u011funu kaydetti. Bundan hareketle kurumun konut in\u015fa \u00e7al\u0131\u015fmalar\u0131n\u0131 h\u0131zland\u0131rd\u0131\u011f\u0131n\u0131 belirten Hasan; S\u00fcveyda, Tartus, Lazkiye, Hama ve \u015eam k\u0131rsal\u0131nda bir dizi konut projesinin tamamlan\u0131p sahiplerine teslim edildi\u011fini s\u00f6yledi.<\/p>\n<p>Hasan bir k\u0131s\u0131m projelerinde bitim a\u015famas\u0131nda oldu\u011funa dikkat \u00e7ekerken, baz\u0131 b\u00f6lgelerde mevcut ko\u015fullar nedeniyle konut projelerinin hayata ge\u00e7irilmesinde aksamalar\u0131n ya\u015fand\u0131\u011f\u0131n\u0131 ifade etti.<\/p>\n<p>Yapt\u0131r\u0131mlar ve ter\u00f6r sald\u0131r\u0131lar\u0131 nedeniyle yap\u0131 ve in\u015faat sekt\u00f6r\u00fcn\u00fcn de ciddi bir \u015fekilde olumsuz etkilendi\u011fini belirten Hasan; kurumun muhtelif b\u00f6lgelerde bu olumsuzluklar\u0131 a\u00e7mak i\u00e7in \u00e7al\u0131\u015fmalar\u0131n\u0131 yo\u011funla\u015ft\u0131rd\u0131\u011f\u0131n\u0131 kaydetti.<\/p>\n<p>Hasan Kurumun G\u00fcney B\u00f6lgesinde \u00e7al\u0131\u015fma plan\u0131n\u0131 2016 y\u0131l\u0131nda ikiye katlad\u0131\u011f\u0131n\u0131 belirtirken, 1 milyar 100 milyon b\u00fct\u00e7enin konut ve ter\u00f6r ma\u011fduru vatanda\u015flar i\u00e7in ge\u00e7ici ikamet yerleri temin etme \u00e7al\u0131\u015fmalar\u0131yla bu b\u00fct\u00e7enin 3 milyar 200 milyona artt\u0131r\u0131ld\u0131\u011f\u0131n\u0131 a\u00e7\u0131klad\u0131.<\/p>\n<p>Dairelerini teslim alan vatanda\u015flar\u0131n memnuniyeti konusunda ise Hasan; birka\u00e7 ay \u00f6nce teslim edilen 550 dairenin sahipleri taraf\u0131ndan be\u011feni kazand\u0131\u011f\u0131n\u0131 s\u00f6yledi.<\/p>\n<p>https:\/\/www.youtube.com\/watch?v=wIDaEuKTrFw<\/p>\n","protected":false},"excerpt":{"rendered":"<p>\u015eAM \u2013 Yap\u0131 ve \u0130n\u015faat Kamu Kurumunun G\u00fcney B\u00f6lge M\u00fcd\u00fcr\u00fc Ali Hasan; \u015firketin mevcut ko\u015fullara ra\u011fmen konut in\u015faat\u0131nda \u00f6zel sekt\u00f6r ile g\u00fc\u00e7l\u00fc bir rekabete girdi\u011fini ve bir dizi b\u00f6lgede konut projelerini tamamlad\u0131\u011f\u0131n\u0131 belirtti. SANA\u2019ya a\u00e7\u0131klama yapan Hasan; kriz s\u00fcresinde konut sorununun en \u00f6nemli meselelerden biri oldu\u011funa dikkat \u00e7ekerken, ter\u00f6r sald\u0131r\u0131lar\u0131 nedeniyle evlerinden tehcir edilen vatanda\u015flar\u0131n &hellip;<\/p>\n","protected":false},"author":1,"featured_media":114696,"comment_status":"closed","ping_status":"closed","sticky":false,"template":"","format":"standard","meta":{"footnotes":""},"categories":[485,486,17988],"tags":[29589,22479,29475,24217,16591,29588],"class_list":["post-114695","post","type-post","status-publish","format-standard","has-post-thumbnail","","category-is-ve-sermaye","category-haberler-is-ve-sermaye","category-son-haberler","tag-devlet-konutlari","tag-genclik-konutlari","tag-insaat-sektoru","tag-konut-insaati","tag-suriye","tag-yapi-ve-insaat"],"_links":{"self":[{"href":"https:\/\/archive.sana.sy\/tr\/index.php?rest_route=\/wp\/v2\/posts\/114695","targetHints":{"allow":["GET"]}}],"collection":[{"href":"https:\/\/archive.sana.sy\/tr\/index.php?rest_route=\/wp\/v2\/posts"}],"about":[{"href":"https:\/\/archive.sana.sy\/tr\/index.php?rest_route=\/wp\/v2\/types\/post"}],"author":[{"embeddable":true,"href":"https:\/\/archive.sana.sy\/tr\/index.php?rest_route=\/wp\/v2\/users\/1"}],"replies":[{"embeddable":true,"href":"https:\/\/archive.sana.sy\/tr\/index.php?rest_route=%2Fwp%2Fv2%2Fcomments&post=114695"}],"version-history":[{"count":0,"href":"https:\/\/archive.sana.sy\/tr\/index.php?rest_route=\/wp\/v2\/posts\/114695\/revisions"}],"wp:featuredmedia":[{"embeddable":true,"href":"https:\/\/archive.sana.sy\/tr\/index.php?rest_route=\/wp\/v2\/media\/114696"}],"wp:attachment":[{"href":"https:\/\/archive.sana.sy\/tr\/index.php?rest_route=%2Fwp%2Fv2%2Fmedia&parent=114695"}],"wp:term":[{"taxonomy":"category","embeddable":true,"href":"https:\/\/archive.sana.sy\/tr\/index.php?rest_route=%2Fwp%2Fv2%2Fcategories&post=114695"},{"taxonomy":"post_tag","embeddable":true,"href":"https:\/\/archive.sana.sy\/tr\/index.php?rest_route=%2Fwp%2Fv2%2Ftags&post=114695"}],"curies":[{"name":"wp","href":"https:\/\/api.w.org\/{rel}","templated":true}]}}