{"id":114704,"date":"2017-05-28T14:00:26","date_gmt":"2017-05-28T11:00:26","guid":{"rendered":"http:\/\/www.sana.sy\/tr\/?p=114704"},"modified":"2017-05-29T14:30:02","modified_gmt":"2017-05-29T11:30:02","slug":"abd-koalisyonu-yine-sivilleri-bombaladi","status":"publish","type":"post","link":"https:\/\/archive.sana.sy\/tr\/?p=114704","title":{"rendered":"ABD Koalisyonu Yine Sivilleri Bombalad\u0131"},"content":{"rendered":"<p>RAKKA \u2013 I\u015e\u0130D\u2019e kar\u015f\u0131 sava\u015f bahanesi alt\u0131nda Suriye ve halk\u0131na y\u00f6nelik vah\u015fi sald\u0131r\u0131lar\u0131n\u0131 s\u00fcrd\u00fcren ABD koalisyonunun Rakka k\u0131rsal\u0131nda bulunduklar\u0131 son katliamda 20 sivil vatanda\u015f \u015fehit d\u00fc\u015ft\u00fc.<\/p>\n<p>Rakka\u2019da yerel kaynaklar\u0131n yan\u0131 s\u0131ra birbiriyle uyumlu medya ara\u00e7lar\u0131n\u0131n aktard\u0131klar\u0131 haberlerde; koalisyon u\u00e7aklar\u0131n\u0131n d\u00fcn ak\u015fam Rakka Kentinden \u00e7\u0131kan ve sivil vatanda\u015flar\u0131 ta\u015f\u0131yan bir arac\u0131 kentten 8 km uzakl\u0131kta imha ettiklerini ifade edildi. Haberlerde d\u00fc\u015fman sald\u0131r\u0131da 20 sivil vatanda\u015f\u0131n \u015fehit d\u00fc\u015ft\u00fc\u011f\u00fcn\u00fc, bir k\u0131sm\u0131 a\u011f\u0131r olmak \u00fczere 7 vatanda\u015f\u0131n da yaraland\u0131klar\u0131na dikkat \u00e7ekildi.<\/p>\n<p>ABD koalisyonu daha \u00f6nce Suriye&#8217;de bulundu\u011fu sald\u0131r\u0131larda aralar\u0131nda kad\u0131n ve \u00e7ocuklar\u0131n bulundu\u011fu y\u00fczlerce sivilin \u015fehit d\u00fc\u015fmelerine, bir\u00e7ok k\u00f6pr\u00fc, okul ve muhtelif hizmet kurumunun y\u0131k\u0131lmas\u0131na yol a\u00e7m\u0131\u015ft\u0131.<\/p>\n","protected":false},"excerpt":{"rendered":"<p>RAKKA \u2013 I\u015e\u0130D\u2019e kar\u015f\u0131 sava\u015f bahanesi alt\u0131nda Suriye ve halk\u0131na y\u00f6nelik vah\u015fi sald\u0131r\u0131lar\u0131n\u0131 s\u00fcrd\u00fcren ABD koalisyonunun Rakka k\u0131rsal\u0131nda bulunduklar\u0131 son katliamda 20 sivil vatanda\u015f \u015fehit d\u00fc\u015ft\u00fc. Rakka\u2019da yerel kaynaklar\u0131n yan\u0131 s\u0131ra birbiriyle uyumlu medya ara\u00e7lar\u0131n\u0131n aktard\u0131klar\u0131 haberlerde; koalisyon u\u00e7aklar\u0131n\u0131n d\u00fcn ak\u015fam Rakka Kentinden \u00e7\u0131kan ve sivil vatanda\u015flar\u0131 ta\u015f\u0131yan bir arac\u0131 kentten 8 km uzakl\u0131kta imha &hellip;<\/p>\n","protected":false},"author":1,"featured_media":114705,"comment_status":"closed","ping_status":"closed","sticky":false,"template":"","format":"standard","meta":{"footnotes":""},"categories":[479,17988,478],"tags":[29593],"class_list":["post-114704","post","type-post","status-publish","format-standard","has-post-thumbnail","","category-haberler-yerel","category-son-haberler","category-yerel","tag-rakka-iside-karsi-savas-bahanesi-altinda-suriye-ve-halkina-yonelik-vahsi-saldirilarini-surduren-abd-koalisyonunun-rakka-kirsalinda-bulunduklari-son-katliamda-20-sivil-vatandas-sehit"],"_links":{"self":[{"href":"https:\/\/archive.sana.sy\/tr\/index.php?rest_route=\/wp\/v2\/posts\/114704","targetHints":{"allow":["GET"]}}],"collection":[{"href":"https:\/\/archive.sana.sy\/tr\/index.php?rest_route=\/wp\/v2\/posts"}],"about":[{"href":"https:\/\/archive.sana.sy\/tr\/index.php?rest_route=\/wp\/v2\/types\/post"}],"author":[{"embeddable":true,"href":"https:\/\/archive.sana.sy\/tr\/index.php?rest_route=\/wp\/v2\/users\/1"}],"replies":[{"embeddable":true,"href":"https:\/\/archive.sana.sy\/tr\/index.php?rest_route=%2Fwp%2Fv2%2Fcomments&post=114704"}],"version-history":[{"count":0,"href":"https:\/\/archive.sana.sy\/tr\/index.php?rest_route=\/wp\/v2\/posts\/114704\/revisions"}],"wp:featuredmedia":[{"embeddable":true,"href":"https:\/\/archive.sana.sy\/tr\/index.php?rest_route=\/wp\/v2\/media\/114705"}],"wp:attachment":[{"href":"https:\/\/archive.sana.sy\/tr\/index.php?rest_route=%2Fwp%2Fv2%2Fmedia&parent=114704"}],"wp:term":[{"taxonomy":"category","embeddable":true,"href":"https:\/\/archive.sana.sy\/tr\/index.php?rest_route=%2Fwp%2Fv2%2Fcategories&post=114704"},{"taxonomy":"post_tag","embeddable":true,"href":"https:\/\/archive.sana.sy\/tr\/index.php?rest_route=%2Fwp%2Fv2%2Ftags&post=114704"}],"curies":[{"name":"wp","href":"https:\/\/api.w.org\/{rel}","templated":true}]}}