{"id":114783,"date":"2017-05-29T18:02:40","date_gmt":"2017-05-29T15:02:40","guid":{"rendered":"http:\/\/www.sana.sy\/tr\/?p=114783"},"modified":"2017-05-30T14:55:09","modified_gmt":"2017-05-30T11:55:09","slug":"ic-guvenlik-gucleri-gunu-kutlandi","status":"publish","type":"post","link":"https:\/\/archive.sana.sy\/tr\/?p=114783","title":{"rendered":"\u0130\u00e7 G\u00fcvenlik G\u00fc\u00e7leri G\u00fcn\u00fc Kutland\u0131 (video)"},"content":{"rendered":"<p>\u0130LLER \u2013 \u0130\u00e7i\u015fleri Bakanl\u0131\u011f\u0131 bug\u00fcn Cumhurba\u015fkan\u0131 Be\u015f\u015far el Esad\u2019\u0131n g\u00f6zetimi alt\u0131nda muhtelif illerde d\u00fczenledi\u011fi faaliyetlerde \u0130\u00e7 G\u00fcvenlik G\u00fc\u00e7lerinin 72. kurulu\u015f y\u0131ld\u00f6n\u00fcm\u00fcn\u00fc kutlad\u0131.<\/p>\n<p><a href=\"http:\/\/www.sana.sy\/tr\/wp-content\/uploads\/2017\/05\/\u015eear.jpg-2.jpg\"><img loading=\"lazy\" decoding=\"async\" class=\"alignright wp-image-114793 size-medium\" src=\"http:\/\/www.sana.sy\/tr\/wp-content\/uploads\/2017\/05\/\u015eear.jpg-2-300x200.jpg\" alt=\"\" width=\"300\" height=\"200\" srcset=\"https:\/\/archive.sana.sy\/tr\/wp-content\/uploads\/2017\/05\/\u015eear.jpg-2-300x200.jpg 300w, https:\/\/archive.sana.sy\/tr\/wp-content\/uploads\/2017\/05\/\u015eear.jpg-2-150x100.jpg 150w, https:\/\/archive.sana.sy\/tr\/wp-content\/uploads\/2017\/05\/\u015eear.jpg-2.jpg 660w\" sizes=\"auto, (max-width: 300px) 100vw, 300px\" \/><\/a>29 May\u0131s 1945 y\u0131l\u0131nda i\u015fgalci Frans\u0131z g\u00fc\u00e7lerinin jandarma ve polislerden ibaret parlamento muhaf\u0131zlar\u0131na ate\u015f a\u00e7\u0131p onlar\u0131 \u015fehit etmelerinin an\u0131s\u0131na her y\u0131l \u0130\u00e7 G\u00fcvenlik G\u00fc\u00e7leri G\u00fcn\u00fc olarak kutlanan ulusal faaliyetler \u00e7evresinde muhtelif illerde ve b\u00f6lgelerde miting ve muhtelif kutlama faaliyetleri d\u00fczenlendi.<\/p>\n<p>Bu m\u00fcnasebetle \u0130\u00e7i\u015fleri Bakan\u0131 Muhammed el \u015eear \u00fcst d\u00fczey g\u00fcvenlik subaylar\u0131yla birlikte Halk Meclisinde \u015eehitler Salonunu ziyaret edip 29 May\u0131s \u015fehitleri ruhuna Fatiha okumalar\u0131 ard\u0131ndan Halk Meclisi Ba\u015fkan\u0131 Hediye Abbas ile bir araya geldiler.<\/p>\n<p><a href=\"http:\/\/www.sana.sy\/tr\/wp-content\/uploads\/2017\/05\/\u015eear.jpg-1.jpg\"><img loading=\"lazy\" decoding=\"async\" class=\"alignright wp-image-114794 size-medium\" src=\"http:\/\/www.sana.sy\/tr\/wp-content\/uploads\/2017\/05\/\u015eear.jpg-1-300x200.jpg\" alt=\"\" width=\"300\" height=\"200\" srcset=\"https:\/\/archive.sana.sy\/tr\/wp-content\/uploads\/2017\/05\/\u015eear.jpg-1-300x200.jpg 300w, https:\/\/archive.sana.sy\/tr\/wp-content\/uploads\/2017\/05\/\u015eear.jpg-1-150x100.jpg 150w, https:\/\/archive.sana.sy\/tr\/wp-content\/uploads\/2017\/05\/\u015eear.jpg-1.jpg 660w\" sizes=\"auto, (max-width: 300px) 100vw, 300px\" \/><\/a>Daha sonra 29 May\u0131s \u015fehitleri ve g\u00fcn\u00fcm\u00fczde vatan\u0131 uluslar aras\u0131 ter\u00f6re kar\u015f\u0131 savunmada canlar\u0131n\u0131 feda eden \u015fehitlerimizin aileleri ve yaral\u0131 gazilerimize onur t\u00f6reni d\u00fczenlendi.<\/p>\n<p>Bu m\u00fcnasebetle polis bandosu ulusal mar\u015flar \u00e7alarken, \u015f\u00f6valye b\u00f6l\u00fc\u011f\u00fc de \u015eam\u2019\u0131n i\u00e7inde muhtelif sunumlarda bulundu.<\/p>\n<p>Muhtelif il ve b\u00f6lgelerde yap\u0131lan \u0130\u00e7 G\u00fcvenlik G\u00fc\u00e7leri g\u00fcn\u00fc kutlamalar\u0131nda \u015fehitlerimize onur faaliyetleri d\u00fczenlenirken, i\u015f g\u00fcvenlik merkezleri valiler ve \u00fcst d\u00fczey yetkililerin yan\u0131 s\u0131ra parti yetkilileri ve sivil toplum faaliyet temsilcileri taraf\u0131ndan ziyaret edildiler.<\/p>\n<p>https:\/\/www.youtube.com\/watch?v=sQTP0j93Mtk<\/p>\n","protected":false},"excerpt":{"rendered":"<p>\u0130LLER \u2013 \u0130\u00e7i\u015fleri Bakanl\u0131\u011f\u0131 bug\u00fcn Cumhurba\u015fkan\u0131 Be\u015f\u015far el Esad\u2019\u0131n g\u00f6zetimi alt\u0131nda muhtelif illerde d\u00fczenledi\u011fi faaliyetlerde \u0130\u00e7 G\u00fcvenlik G\u00fc\u00e7lerinin 72. kurulu\u015f y\u0131ld\u00f6n\u00fcm\u00fcn\u00fc kutlad\u0131. 29 May\u0131s 1945 y\u0131l\u0131nda i\u015fgalci Frans\u0131z g\u00fc\u00e7lerinin jandarma ve polislerden ibaret parlamento muhaf\u0131zlar\u0131na ate\u015f a\u00e7\u0131p onlar\u0131 \u015fehit etmelerinin an\u0131s\u0131na her y\u0131l \u0130\u00e7 G\u00fcvenlik G\u00fc\u00e7leri G\u00fcn\u00fc olarak kutlanan ulusal faaliyetler \u00e7evresinde muhtelif illerde ve &hellip;<\/p>\n","protected":false},"author":1,"featured_media":114792,"comment_status":"closed","ping_status":"closed","sticky":false,"template":"","format":"standard","meta":{"footnotes":""},"categories":[479,17988,478],"tags":[],"class_list":["post-114783","post","type-post","status-publish","format-standard","has-post-thumbnail","","category-haberler-yerel","category-son-haberler","category-yerel"],"_links":{"self":[{"href":"https:\/\/archive.sana.sy\/tr\/index.php?rest_route=\/wp\/v2\/posts\/114783","targetHints":{"allow":["GET"]}}],"collection":[{"href":"https:\/\/archive.sana.sy\/tr\/index.php?rest_route=\/wp\/v2\/posts"}],"about":[{"href":"https:\/\/archive.sana.sy\/tr\/index.php?rest_route=\/wp\/v2\/types\/post"}],"author":[{"embeddable":true,"href":"https:\/\/archive.sana.sy\/tr\/index.php?rest_route=\/wp\/v2\/users\/1"}],"replies":[{"embeddable":true,"href":"https:\/\/archive.sana.sy\/tr\/index.php?rest_route=%2Fwp%2Fv2%2Fcomments&post=114783"}],"version-history":[{"count":0,"href":"https:\/\/archive.sana.sy\/tr\/index.php?rest_route=\/wp\/v2\/posts\/114783\/revisions"}],"wp:featuredmedia":[{"embeddable":true,"href":"https:\/\/archive.sana.sy\/tr\/index.php?rest_route=\/wp\/v2\/media\/114792"}],"wp:attachment":[{"href":"https:\/\/archive.sana.sy\/tr\/index.php?rest_route=%2Fwp%2Fv2%2Fmedia&parent=114783"}],"wp:term":[{"taxonomy":"category","embeddable":true,"href":"https:\/\/archive.sana.sy\/tr\/index.php?rest_route=%2Fwp%2Fv2%2Fcategories&post=114783"},{"taxonomy":"post_tag","embeddable":true,"href":"https:\/\/archive.sana.sy\/tr\/index.php?rest_route=%2Fwp%2Fv2%2Ftags&post=114783"}],"curies":[{"name":"wp","href":"https:\/\/api.w.org\/{rel}","templated":true}]}}