{"id":114788,"date":"2017-05-29T15:39:46","date_gmt":"2017-05-29T12:39:46","guid":{"rendered":"http:\/\/www.sana.sy\/tr\/?p=114788"},"modified":"2017-05-30T14:31:27","modified_gmt":"2017-05-30T11:31:27","slug":"ikili-iliskileri-muhtelif-alanlarda-gelistirmek-gerekiyor","status":"publish","type":"post","link":"https:\/\/archive.sana.sy\/tr\/?p=114788","title":{"rendered":"\u0130kili \u0130li\u015fkileri Muhtelif Alanlarda Geli\u015ftirmek Gerekiyor"},"content":{"rendered":"<p>\u015eAM \u2013 D\u0131\u015fi\u015fleri Bakan Yard\u0131mc\u0131s\u0131 Eyman Sosan bug\u00fcn Suriye&#8217;ye i\u015f gezisinde bulunan S\u0131rbistan Ba\u015fbakan\u0131n\u0131n \u00f6zel delegesi ve D\u0131\u015fi\u015fleri Bakanl\u0131\u011f\u0131nda Siyasi Daire M\u00fcd\u00fcr\u00fc Zoran Vujic ile Suriye ve b\u00f6lgedeki son geli\u015fmelerin yan\u0131 s\u0131ra iki \u00fclke aras\u0131ndaki ili\u015fkileri masaya yat\u0131rd\u0131.<\/p>\n<p>Suriye ve halk\u0131n\u0131n alt\u0131 y\u0131ldan fazla s\u00fcredir maruz kald\u0131klar\u0131 sava\u015f\u0131n ger\u00e7e\u011fine \u0131\u015f\u0131k tutan Sosan; bir k\u0131s\u0131m devletlerin b\u00f6lge ve halklar\u0131n\u0131 hegemonyalar\u0131na almak i\u00e7in b\u00f6lgede i\u015fbirlik\u00e7i rejimlerle radikal ter\u00f6r\u00fc edat olarak kulland\u0131klar\u0131na dikkat \u00e7ekti. Sosan bu devletlerin I\u015e\u0130D, Nusra Cephesi ve daha ba\u015fka isimler alt\u0131nda faaliyet g\u00f6steren ter\u00f6r \u00f6rg\u00fctlere muhtelif t\u00fcr desteklerinin, ter\u00f6rle m\u00fccadele ettikleri iddialar\u0131n\u0131n as\u0131ls\u0131zl\u0131\u011f\u0131n\u0131 de\u015fifre ettiklerini belirtti.<\/p>\n<p>Suriye ve halk\u0131n\u0131 hedef alan ter\u00f6r\u00fcn sadece Suriye ya da b\u00f6lge de\u011fil, t\u00fcm d\u00fcnya a\u00e7\u0131s\u0131ndan b\u00fcy\u00fck ve ciddi bir tehlike te\u015fkil etti\u011fini ifade eden Sosan, Suriye&#8217;de \u00e7\u00f6z\u00fcm sa\u011flamak i\u00e7in bu ter\u00f6r\u00fc yok etmenin mutlak bir gereklilik te\u015fkil etti\u011fini vurgulad\u0131.<\/p>\n<p>Bakan Yard\u0131mc\u0131s\u0131 Sosan Suriye ve halk\u0131n\u0131n ulusal egemenlik ve toprak b\u00fct\u00fcnl\u00fc\u011f\u00fcn\u00fcn yan\u0131 s\u0131ra kendi geleceklerini kendi elleriyle belirleme haklar\u0131n\u0131 \u00f6d\u00fcns\u00fcz savunma, ter\u00f6r\u00fc de bertaraf etme kararl\u0131l\u0131\u011f\u0131 ve azminde oldu\u011funun alt\u0131n\u0131 \u00e7izdi.<\/p>\n<p>Konuk S\u0131rbistanl\u0131 yetkili ise \u00fclkesinin Suriye&#8217;ye deste\u011fini bir kez daha yinelerken, Suriye&#8217;de siyasi \u00e7\u00f6z\u00fcm sa\u011flanmas\u0131, bu \u00e7\u00f6z\u00fcmde de Suriye&#8217;nin egemenli\u011fi ve toprak b\u00fct\u00fcnl\u00fc\u011f\u00fcne sayg\u0131 g\u00f6sterilmesi gere\u011fini vurgulad\u0131.<\/p>\n<p>\u0130kili ili\u015fkiler konusunda ise taraflar bu ili\u015fkileri muhtelif alanlarda geli\u015ftirmekle birlikte kar\u015f\u0131l\u0131kl\u0131 ziyaretlerin peki\u015ftirilmesi arzu ve \u00f6zenlerini ifade ettiler.<\/p>\n","protected":false},"excerpt":{"rendered":"<p>\u015eAM \u2013 D\u0131\u015fi\u015fleri Bakan Yard\u0131mc\u0131s\u0131 Eyman Sosan bug\u00fcn Suriye&#8217;ye i\u015f gezisinde bulunan S\u0131rbistan Ba\u015fbakan\u0131n\u0131n \u00f6zel delegesi ve D\u0131\u015fi\u015fleri Bakanl\u0131\u011f\u0131nda Siyasi Daire M\u00fcd\u00fcr\u00fc Zoran Vujic ile Suriye ve b\u00f6lgedeki son geli\u015fmelerin yan\u0131 s\u0131ra iki \u00fclke aras\u0131ndaki ili\u015fkileri masaya yat\u0131rd\u0131. Suriye ve halk\u0131n\u0131n alt\u0131 y\u0131ldan fazla s\u00fcredir maruz kald\u0131klar\u0131 sava\u015f\u0131n ger\u00e7e\u011fine \u0131\u015f\u0131k tutan Sosan; bir k\u0131s\u0131m devletlerin &hellip;<\/p>\n","protected":false},"author":1,"featured_media":114789,"comment_status":"closed","ping_status":"closed","sticky":false,"template":"","format":"standard","meta":{"footnotes":""},"categories":[479,17988,478],"tags":[],"class_list":["post-114788","post","type-post","status-publish","format-standard","has-post-thumbnail","","category-haberler-yerel","category-son-haberler","category-yerel"],"_links":{"self":[{"href":"https:\/\/archive.sana.sy\/tr\/index.php?rest_route=\/wp\/v2\/posts\/114788","targetHints":{"allow":["GET"]}}],"collection":[{"href":"https:\/\/archive.sana.sy\/tr\/index.php?rest_route=\/wp\/v2\/posts"}],"about":[{"href":"https:\/\/archive.sana.sy\/tr\/index.php?rest_route=\/wp\/v2\/types\/post"}],"author":[{"embeddable":true,"href":"https:\/\/archive.sana.sy\/tr\/index.php?rest_route=\/wp\/v2\/users\/1"}],"replies":[{"embeddable":true,"href":"https:\/\/archive.sana.sy\/tr\/index.php?rest_route=%2Fwp%2Fv2%2Fcomments&post=114788"}],"version-history":[{"count":0,"href":"https:\/\/archive.sana.sy\/tr\/index.php?rest_route=\/wp\/v2\/posts\/114788\/revisions"}],"wp:featuredmedia":[{"embeddable":true,"href":"https:\/\/archive.sana.sy\/tr\/index.php?rest_route=\/wp\/v2\/media\/114789"}],"wp:attachment":[{"href":"https:\/\/archive.sana.sy\/tr\/index.php?rest_route=%2Fwp%2Fv2%2Fmedia&parent=114788"}],"wp:term":[{"taxonomy":"category","embeddable":true,"href":"https:\/\/archive.sana.sy\/tr\/index.php?rest_route=%2Fwp%2Fv2%2Fcategories&post=114788"},{"taxonomy":"post_tag","embeddable":true,"href":"https:\/\/archive.sana.sy\/tr\/index.php?rest_route=%2Fwp%2Fv2%2Ftags&post=114788"}],"curies":[{"name":"wp","href":"https:\/\/api.w.org\/{rel}","templated":true}]}}