{"id":114805,"date":"2017-05-30T09:30:24","date_gmt":"2017-05-30T06:30:24","guid":{"rendered":"http:\/\/www.sana.sy\/tr\/?p=114805"},"modified":"2017-05-31T14:59:25","modified_gmt":"2017-05-31T11:59:25","slug":"yarisi-terorist-olabilir","status":"publish","type":"post","link":"https:\/\/archive.sana.sy\/tr\/?p=114805","title":{"rendered":"Yar\u0131s\u0131 Ter\u00f6rist Olabilir"},"content":{"rendered":"<p>PRAG \u2013 Slovakya Ba\u015fbakan\u0131 Robert Fico ve \u00c7ek Cumhuriyeti Ba\u015fbakan\u0131 Bohuslav Sobotka; Suriye&#8217;deki krizin kesinlikle askeri yollarla \u00e7\u00f6z\u00fclmeyece\u011fini vurgularlarken, Bat\u0131l\u0131 devletleri Suriye&#8217;ye herhangi bir askeri ya da silahl\u0131 m\u00fcdahalede bulunmamalar\u0131na davet ettiler.<\/p>\n<p>\u0130ki ba\u015fbakan Fico ve Sobatka Slovakya televizyonunun d\u00fcn ak\u015fam yay\u0131nlad\u0131\u011f\u0131 m\u00fclakat program\u0131nda; Bat\u0131l\u0131lar\u0131n ger\u00e7ekten ter\u00f6rle m\u00fccadele etme arzusunda olmas\u0131 halinde Suriye ve Irak\u2019ta ter\u00f6re kar\u015f\u0131 ciddi bir sava\u015f vermeleri gerekti\u011fini belirttiler. \u0130ki ba\u015fbakan ter\u00f6rle m\u00fccadele ve Suriye&#8217;deki krizin \u00e7\u00f6z\u00fcm\u00fcnde ABD, Avrupa Birli\u011fi ve Rusya aras\u0131nda i\u015fbirli\u011finin ka\u00e7\u0131n\u0131lmaz oldu\u011funu ifade ettiler.<\/p>\n<p>Ter\u00f6ristlerin Avrupa devletlerine girme tehlikesinin hala y\u00fcksek oldu\u011funa dikkat \u00e7eken Fico ve Sobotka, Avrupa \u00fclkelerine giden m\u00fcltecilerin say\u0131s\u0131n\u0131n yar\u0131s\u0131n\u0131n ter\u00f6rist olabilece\u011fini belirttiler.<\/p>\n","protected":false},"excerpt":{"rendered":"<p>PRAG \u2013 Slovakya Ba\u015fbakan\u0131 Robert Fico ve \u00c7ek Cumhuriyeti Ba\u015fbakan\u0131 Bohuslav Sobotka; Suriye&#8217;deki krizin kesinlikle askeri yollarla \u00e7\u00f6z\u00fclmeyece\u011fini vurgularlarken, Bat\u0131l\u0131 devletleri Suriye&#8217;ye herhangi bir askeri ya da silahl\u0131 m\u00fcdahalede bulunmamalar\u0131na davet ettiler. \u0130ki ba\u015fbakan Fico ve Sobatka Slovakya televizyonunun d\u00fcn ak\u015fam yay\u0131nlad\u0131\u011f\u0131 m\u00fclakat program\u0131nda; Bat\u0131l\u0131lar\u0131n ger\u00e7ekten ter\u00f6rle m\u00fccadele etme arzusunda olmas\u0131 halinde Suriye ve Irak\u2019ta &hellip;<\/p>\n","protected":false},"author":1,"featured_media":114812,"comment_status":"closed","ping_status":"closed","sticky":false,"template":"","format":"standard","meta":{"footnotes":""},"categories":[458,459,17988],"tags":[18495,29615,18703,29617,24896,18237,18723,16717,29616,20187,18574,18442,22181,2576],"class_list":["post-114805","post","type-post","status-publish","format-standard","has-post-thumbnail","","category-dunya1","category-haberler-arap-uluslararasi-politika","category-son-haberler","tag-avrupa-ulkeleri","tag-avrupaya-giden-multeciler","tag-basbakan","tag-bohuslav-sobotka","tag-cek-cumhuriyeti","tag-cihatcilar","tag-muhalifler","tag-multeciler","tag-robert-fico","tag-slovakya","tag-suriye-krizi","tag-suriyeli-multeciler","tag-suriyeliler","tag-terorist"],"_links":{"self":[{"href":"https:\/\/archive.sana.sy\/tr\/index.php?rest_route=\/wp\/v2\/posts\/114805","targetHints":{"allow":["GET"]}}],"collection":[{"href":"https:\/\/archive.sana.sy\/tr\/index.php?rest_route=\/wp\/v2\/posts"}],"about":[{"href":"https:\/\/archive.sana.sy\/tr\/index.php?rest_route=\/wp\/v2\/types\/post"}],"author":[{"embeddable":true,"href":"https:\/\/archive.sana.sy\/tr\/index.php?rest_route=\/wp\/v2\/users\/1"}],"replies":[{"embeddable":true,"href":"https:\/\/archive.sana.sy\/tr\/index.php?rest_route=%2Fwp%2Fv2%2Fcomments&post=114805"}],"version-history":[{"count":0,"href":"https:\/\/archive.sana.sy\/tr\/index.php?rest_route=\/wp\/v2\/posts\/114805\/revisions"}],"wp:featuredmedia":[{"embeddable":true,"href":"https:\/\/archive.sana.sy\/tr\/index.php?rest_route=\/wp\/v2\/media\/114812"}],"wp:attachment":[{"href":"https:\/\/archive.sana.sy\/tr\/index.php?rest_route=%2Fwp%2Fv2%2Fmedia&parent=114805"}],"wp:term":[{"taxonomy":"category","embeddable":true,"href":"https:\/\/archive.sana.sy\/tr\/index.php?rest_route=%2Fwp%2Fv2%2Fcategories&post=114805"},{"taxonomy":"post_tag","embeddable":true,"href":"https:\/\/archive.sana.sy\/tr\/index.php?rest_route=%2Fwp%2Fv2%2Ftags&post=114805"}],"curies":[{"name":"wp","href":"https:\/\/api.w.org\/{rel}","templated":true}]}}