{"id":114816,"date":"2017-05-30T19:03:18","date_gmt":"2017-05-30T16:03:18","guid":{"rendered":"http:\/\/www.sana.sy\/tr\/?p=114816"},"modified":"2017-05-31T15:54:24","modified_gmt":"2017-05-31T12:54:24","slug":"isid-siperleri-ve-karargahlari-imha-ediliyor","status":"publish","type":"post","link":"https:\/\/archive.sana.sy\/tr\/?p=114816","title":{"rendered":"I\u015e\u0130D Siperleri ve Karargahlar\u0131 \u0130mha Ediliyor"},"content":{"rendered":"<p>\u0130LLER \u2013 Radikal ter\u00f6r \u00e7eteleri ile bug\u00fcn \u015fiddetli \u00e7at\u0131\u015fmalara giren ordu birliklerimiz, bu \u00e7etelere ait siper ve karargahlar\u0131 muhtevalar\u0131yla imha ettiler.<\/p>\n<p><span style=\"color: #0000ff\">DEYREZZOR:<\/span><\/p>\n<p>Askeri bir kaynak SANA\u2019ya a\u00e7\u0131klamalar\u0131nda; ordu birliklerimizin Deyrezzor Kentinin g\u00fcney ekseni 137. T\u00fcmenin bat\u0131s\u0131nda yer alan do\u011falgaz istasyonu civarlar\u0131nda askeri noktalara sald\u0131ran I\u015e\u0130D\u2019li \u00e7etelerin hareket eksenlerini yo\u011fun ate\u015fe tuttuklar\u0131n\u0131 belirtti. Operasyonlarda aralar\u0131nda tehlikeli isimlerin bulundu\u011fu 11 ter\u00f6ristin \u00f6ld\u00fcr\u00fcld\u00fc\u011f\u00fcn\u00fc ifade eden kaynak; sa\u011f kalan tekfirci \u00e7etelerin geri ka\u00e7t\u0131klar\u0131n\u0131 kaydetti.<\/p>\n<p>Ordu birliklerimizin gece saatlerinde Makabir, panorama, 137. T\u00fcmen b\u00f6lgeleri yak\u0131nlar\u0131nda I\u015e\u0130D\u2019li \u00e7etelerle \u015fiddetli \u00e7at\u0131\u015fmalara girdiklerini belirten askeri kaynak, hava g\u00fc\u00e7lerimiz ve top\u00e7u birliklerimizin destekledikleri operasyonlarda y\u00fcksek say\u0131da ter\u00f6ristin \u00f6ld\u00fcr\u00fcld\u00fc\u011f\u00fcn\u00fc, karargahlar\u0131, ara\u00e7lar\u0131 ve b\u00fcy\u00fck miktarda cephanelerinin imha edildi\u011fini aktard\u0131. Kaynak \u00e7at\u0131\u015fmalara e\u015f zamanl\u0131 olarak top\u00e7u birliklerimizin \u015eeyh Yasin, Hmeydiye ve R\u00fc\u015fdiye semtlerinde radikal \u00f6rg\u00fct\u00fcn karargah, cephane depolar\u0131 ve hareketlenmelerini imha ettiklerini kaydetti.<\/p>\n<p><span style=\"color: #0000ff\">HOMS:<\/span><\/p>\n<p>\u00d6te yandan askeri kaynak; ordu birliklerimizin Homs k\u0131rsal\u0131n\u0131n do\u011fusu Resm el Seba ve Um Sahric k\u00f6ylerinde I\u015e\u0130D\u2019e ait bir f\u00fcze bataryas\u0131 ve bir havan rampas\u0131n\u0131 ekipleriyle birlikte tamamen imha ettiklerini kaydetti<\/p>\n","protected":false},"excerpt":{"rendered":"<p>\u0130LLER \u2013 Radikal ter\u00f6r \u00e7eteleri ile bug\u00fcn \u015fiddetli \u00e7at\u0131\u015fmalara giren ordu birliklerimiz, bu \u00e7etelere ait siper ve karargahlar\u0131 muhtevalar\u0131yla imha ettiler. DEYREZZOR: Askeri bir kaynak SANA\u2019ya a\u00e7\u0131klamalar\u0131nda; ordu birliklerimizin Deyrezzor Kentinin g\u00fcney ekseni 137. T\u00fcmenin bat\u0131s\u0131nda yer alan do\u011falgaz istasyonu civarlar\u0131nda askeri noktalara sald\u0131ran I\u015e\u0130D\u2019li \u00e7etelerin hareket eksenlerini yo\u011fun ate\u015fe tuttuklar\u0131n\u0131 belirtti. Operasyonlarda aralar\u0131nda tehlikeli &hellip;<\/p>\n","protected":false},"author":1,"featured_media":114817,"comment_status":"closed","ping_status":"closed","sticky":false,"template":"","format":"standard","meta":{"footnotes":""},"categories":[479,575,17988,478],"tags":[],"class_list":["post-114816","post","type-post","status-publish","format-standard","has-post-thumbnail","","category-haberler-yerel","category-olaylar-ve-gercekler","category-son-haberler","category-yerel"],"_links":{"self":[{"href":"https:\/\/archive.sana.sy\/tr\/index.php?rest_route=\/wp\/v2\/posts\/114816","targetHints":{"allow":["GET"]}}],"collection":[{"href":"https:\/\/archive.sana.sy\/tr\/index.php?rest_route=\/wp\/v2\/posts"}],"about":[{"href":"https:\/\/archive.sana.sy\/tr\/index.php?rest_route=\/wp\/v2\/types\/post"}],"author":[{"embeddable":true,"href":"https:\/\/archive.sana.sy\/tr\/index.php?rest_route=\/wp\/v2\/users\/1"}],"replies":[{"embeddable":true,"href":"https:\/\/archive.sana.sy\/tr\/index.php?rest_route=%2Fwp%2Fv2%2Fcomments&post=114816"}],"version-history":[{"count":0,"href":"https:\/\/archive.sana.sy\/tr\/index.php?rest_route=\/wp\/v2\/posts\/114816\/revisions"}],"wp:featuredmedia":[{"embeddable":true,"href":"https:\/\/archive.sana.sy\/tr\/index.php?rest_route=\/wp\/v2\/media\/114817"}],"wp:attachment":[{"href":"https:\/\/archive.sana.sy\/tr\/index.php?rest_route=%2Fwp%2Fv2%2Fmedia&parent=114816"}],"wp:term":[{"taxonomy":"category","embeddable":true,"href":"https:\/\/archive.sana.sy\/tr\/index.php?rest_route=%2Fwp%2Fv2%2Fcategories&post=114816"},{"taxonomy":"post_tag","embeddable":true,"href":"https:\/\/archive.sana.sy\/tr\/index.php?rest_route=%2Fwp%2Fv2%2Ftags&post=114816"}],"curies":[{"name":"wp","href":"https:\/\/api.w.org\/{rel}","templated":true}]}}