{"id":114868,"date":"2017-05-30T17:24:52","date_gmt":"2017-05-30T14:24:52","guid":{"rendered":"http:\/\/www.sana.sy\/tr\/?p=114868"},"modified":"2017-05-31T16:24:57","modified_gmt":"2017-05-31T13:24:57","slug":"bes-yil-aradan-sonra-16-27-agustos-tarihleri-arasinda-duzenlenecek-59-uluslararasi-sam-fuarina-yogun-katilim-bekleniyor","status":"publish","type":"post","link":"https:\/\/archive.sana.sy\/tr\/?p=114868","title":{"rendered":"Be\u015f y\u0131l aradan sonra 16-27 A\u011fustos tarihleri aras\u0131nda d\u00fczenlenecek 59. Uluslararas\u0131 \u015eam Fuar\u0131na yo\u011fun kat\u0131l\u0131m bekleniyor"},"content":{"rendered":"<p>Be\u015f y\u0131l aradan sonra 16-27 A\u011fustos tarihleri aras\u0131nda d\u00fczenlenecek 59. Uluslararas\u0131 \u015eam Fuar\u0131na yo\u011fun kat\u0131l\u0131m bekleniyor<\/p>\n<p>https:\/\/www.youtube.com\/watch?v=wNJxLlfh4x8<\/p>\n","protected":false},"excerpt":{"rendered":"<p>Be\u015f y\u0131l aradan sonra 16-27 A\u011fustos tarihleri aras\u0131nda d\u00fczenlenecek 59. Uluslararas\u0131 \u015eam Fuar\u0131na yo\u011fun kat\u0131l\u0131m bekleniyor https:\/\/www.youtube.com\/watch?v=wNJxLlfh4x8<\/p>\n","protected":false},"author":1,"featured_media":114870,"comment_status":"closed","ping_status":"closed","sticky":false,"template":"","format":"standard","meta":{"footnotes":""},"categories":[18295],"tags":[],"class_list":["post-114868","post","type-post","status-publish","format-standard","has-post-thumbnail","","category-sana-video"],"_links":{"self":[{"href":"https:\/\/archive.sana.sy\/tr\/index.php?rest_route=\/wp\/v2\/posts\/114868","targetHints":{"allow":["GET"]}}],"collection":[{"href":"https:\/\/archive.sana.sy\/tr\/index.php?rest_route=\/wp\/v2\/posts"}],"about":[{"href":"https:\/\/archive.sana.sy\/tr\/index.php?rest_route=\/wp\/v2\/types\/post"}],"author":[{"embeddable":true,"href":"https:\/\/archive.sana.sy\/tr\/index.php?rest_route=\/wp\/v2\/users\/1"}],"replies":[{"embeddable":true,"href":"https:\/\/archive.sana.sy\/tr\/index.php?rest_route=%2Fwp%2Fv2%2Fcomments&post=114868"}],"version-history":[{"count":0,"href":"https:\/\/archive.sana.sy\/tr\/index.php?rest_route=\/wp\/v2\/posts\/114868\/revisions"}],"wp:featuredmedia":[{"embeddable":true,"href":"https:\/\/archive.sana.sy\/tr\/index.php?rest_route=\/wp\/v2\/media\/114870"}],"wp:attachment":[{"href":"https:\/\/archive.sana.sy\/tr\/index.php?rest_route=%2Fwp%2Fv2%2Fmedia&parent=114868"}],"wp:term":[{"taxonomy":"category","embeddable":true,"href":"https:\/\/archive.sana.sy\/tr\/index.php?rest_route=%2Fwp%2Fv2%2Fcategories&post=114868"},{"taxonomy":"post_tag","embeddable":true,"href":"https:\/\/archive.sana.sy\/tr\/index.php?rest_route=%2Fwp%2Fv2%2Ftags&post=114868"}],"curies":[{"name":"wp","href":"https:\/\/api.w.org\/{rel}","templated":true}]}}