{"id":114885,"date":"2017-05-31T11:30:23","date_gmt":"2017-05-31T08:30:23","guid":{"rendered":"http:\/\/www.sana.sy\/tr\/?p=114885"},"modified":"2017-06-02T18:05:32","modified_gmt":"2017-06-02T15:05:32","slug":"hicbir-kanit-olmayip-sadece-provokasyon-amaclidir","status":"publish","type":"post","link":"https:\/\/archive.sana.sy\/tr\/?p=114885","title":{"rendered":"Hi\u00e7bir Kan\u0131t Olmay\u0131p Sadece Provokasyon Ama\u00e7l\u0131d\u0131r"},"content":{"rendered":"<p>MOSKOVA \u2013 Rusya Ba\u015fkan\u0131 Vladimir Putin, Suriye ve siyasi gelece\u011fini belirleme hakk\u0131n\u0131n sadece ve sadece Suriyelilerin hakk\u0131 oldu\u011funu vurgulad\u0131.<\/p>\n<p>Frans\u0131z Le Figaro Gazetesine konu\u015fan Putin; hi\u00e7 kimsenin bir halk ad\u0131na konu\u015fma yetkisine sahip olmad\u0131\u011f\u0131n\u0131, herhangi bir \u00fclkede halk ad\u0131na karar verme yetkisi ya da hakk\u0131na sahip olmad\u0131\u011f\u0131n\u0131n alt\u0131n\u0131 \u00e7izdi. Putin Suriye&#8217;nin gelece\u011fini belirleme hakk\u0131n\u0131n da sadece ve sadece Suriye halk\u0131n\u0131n hakk\u0131 oldu\u011fu vurgulad\u0131.<\/p>\n<p>Suriye h\u00fck\u00fcmetinin kimyasal silah kulland\u0131\u011f\u0131 y\u00f6n\u00fcnde hi\u00e7bir kan\u0131t bulunmad\u0131\u011f\u0131na dikkat \u00e7eken Putin; bu y\u00f6nde \u00f6ne s\u00fcr\u00fclen t\u00fcm iddia ve s\u00f6ylemlerin tamamen provokasyon ve siyasi bask\u0131 ama\u00e7l\u0131 oldu\u011funa inand\u0131\u011f\u0131n\u0131 belirtti.<\/p>\n<p>Putin kimyasal silah kullan\u0131m\u0131n\u0131n do\u011fru olmas\u0131 halinde bu silahlar\u0131n bulundu\u011fu iddia edilen havaalan\u0131 ve kullan\u0131lan u\u00e7aklarda kimyasal silah kal\u0131nt\u0131lar\u0131n\u0131n mevcut olaca\u011f\u0131na i\u015faret etti. Rusya&#8217;n\u0131n bu konuda uluslar aras\u0131 bir soru\u015fturman\u0131n ba\u015flat\u0131lmas\u0131n\u0131 \u00f6nerdi\u011fini kaydeden Putin, fakat bu iddialarda bulunan t\u00fcm taraflar\u0131n soru\u015fturmay\u0131 reddedip kan\u0131ts\u0131z ve as\u0131ls\u0131z iddialarda bulunduklar\u0131n\u0131 s\u00f6yledi.<\/p>\n<p>Astana 4 g\u00f6r\u00fc\u015fmelerinde imzalanan Suriye&#8217;de gerilimi azaltma b\u00f6lgeleri anla\u015fmas\u0131n\u0131n, Suriye&#8217;de bar\u0131\u015f\u0131n sa\u011flanmas\u0131nda b\u00fcy\u00fck bir \u00f6nem ta\u015f\u0131d\u0131\u011f\u0131n\u0131 ifade eden Putin; bu b\u00f6lgelerin s\u0131n\u0131rlar\u0131n\u0131, devletin i\u00e7inde bulunaca\u011f\u0131 faaliyetleri belirleme \u00fczerinde g\u00f6r\u00fc\u015f brili\u011fi sa\u011flama \u00e7abalar\u0131na i\u015faret etti. Putin; s\u00f6z konusu bu b\u00f6lgelerin gelecekte Suriye&#8217;nin toprak b\u00fct\u00fcnl\u00fc\u011f\u00fcn\u00fcn b\u00f6l\u00fcnmesine y\u00f6nelik bir modele d\u00f6n\u00fc\u015fmemesini umdu\u011funu s\u00f6yledi. Putin; &#8220;gerilimi azaltma b\u00f6lgelerin, Suriye&#8217;nin toprak b\u00fct\u00fcnl\u00fc\u011f\u00fcn\u00fcn gelecekte b\u00f6l\u00fcnmesine y\u00f6nelik bir modele d\u00f6n\u00fc\u015fmemesini umuyorum, bu \u00e7ok \u00f6nemli. Aksine, bar\u0131\u015f sa\u011flan\u0131rsa bu b\u00f6lgeler ve bu b\u00f6lgeleri kontrol edenlerin Suriye h\u00fck\u00fcmetiyle i\u015fbirli\u011fi yapmas\u0131n\u0131 umuyorum&#8221; dedi.<\/p>\n","protected":false},"excerpt":{"rendered":"<p>MOSKOVA \u2013 Rusya Ba\u015fkan\u0131 Vladimir Putin, Suriye ve siyasi gelece\u011fini belirleme hakk\u0131n\u0131n sadece ve sadece Suriyelilerin hakk\u0131 oldu\u011funu vurgulad\u0131. Frans\u0131z Le Figaro Gazetesine konu\u015fan Putin; hi\u00e7 kimsenin bir halk ad\u0131na konu\u015fma yetkisine sahip olmad\u0131\u011f\u0131n\u0131, herhangi bir \u00fclkede halk ad\u0131na karar verme yetkisi ya da hakk\u0131na sahip olmad\u0131\u011f\u0131n\u0131n alt\u0131n\u0131 \u00e7izdi. Putin Suriye&#8217;nin gelece\u011fini belirleme hakk\u0131n\u0131n da &hellip;<\/p>\n","protected":false},"author":1,"featured_media":114892,"comment_status":"closed","ping_status":"closed","sticky":false,"template":"","format":"standard","meta":{"footnotes":""},"categories":[458,459,17988],"tags":[29341,18387,18716,18850,20151,16591,11549,20229,4076,16744],"class_list":["post-114885","post","type-post","status-publish","format-standard","has-post-thumbnail","","category-dunya1","category-haberler-arap-uluslararasi-politika","category-son-haberler","tag-gerilimi-azaltma-bolgeleri","tag-kimyasal-silah","tag-le-figaro-gazetesi","tag-rusya-baskani","tag-rusya-ve-suriye","tag-suriye","tag-suriye-ordusu","tag-suriyenin-gelecegi","tag-terorle-mucadele","tag-vladimir-putin"],"_links":{"self":[{"href":"https:\/\/archive.sana.sy\/tr\/index.php?rest_route=\/wp\/v2\/posts\/114885","targetHints":{"allow":["GET"]}}],"collection":[{"href":"https:\/\/archive.sana.sy\/tr\/index.php?rest_route=\/wp\/v2\/posts"}],"about":[{"href":"https:\/\/archive.sana.sy\/tr\/index.php?rest_route=\/wp\/v2\/types\/post"}],"author":[{"embeddable":true,"href":"https:\/\/archive.sana.sy\/tr\/index.php?rest_route=\/wp\/v2\/users\/1"}],"replies":[{"embeddable":true,"href":"https:\/\/archive.sana.sy\/tr\/index.php?rest_route=%2Fwp%2Fv2%2Fcomments&post=114885"}],"version-history":[{"count":0,"href":"https:\/\/archive.sana.sy\/tr\/index.php?rest_route=\/wp\/v2\/posts\/114885\/revisions"}],"wp:featuredmedia":[{"embeddable":true,"href":"https:\/\/archive.sana.sy\/tr\/index.php?rest_route=\/wp\/v2\/media\/114892"}],"wp:attachment":[{"href":"https:\/\/archive.sana.sy\/tr\/index.php?rest_route=%2Fwp%2Fv2%2Fmedia&parent=114885"}],"wp:term":[{"taxonomy":"category","embeddable":true,"href":"https:\/\/archive.sana.sy\/tr\/index.php?rest_route=%2Fwp%2Fv2%2Fcategories&post=114885"},{"taxonomy":"post_tag","embeddable":true,"href":"https:\/\/archive.sana.sy\/tr\/index.php?rest_route=%2Fwp%2Fv2%2Ftags&post=114885"}],"curies":[{"name":"wp","href":"https:\/\/api.w.org\/{rel}","templated":true}]}}