{"id":114900,"date":"2017-05-31T12:17:55","date_gmt":"2017-05-31T09:17:55","guid":{"rendered":"http:\/\/www.sana.sy\/tr\/?p=114900"},"modified":"2017-06-01T15:19:48","modified_gmt":"2017-06-01T12:19:48","slug":"dil-yuksek-enstitusu-kuruldu","status":"publish","type":"post","link":"https:\/\/archive.sana.sy\/tr\/?p=114900","title":{"rendered":"Dil Y\u00fcksek Enstit\u00fcs\u00fc Kuruldu"},"content":{"rendered":"<p>\u015eAM \u2013Cumhurba\u015fkan\u0131 Be\u015f\u015far el Esad; merkezi \u015eam \u00dcniversitesinde olacak Dil Y\u00fcksek Enstit\u00fcs\u00fcn\u00fcn kurulmas\u0131n\u0131 \u00f6ng\u00f6ren 2017\/157 say\u0131l\u0131 kararnameyi onaylad\u0131.<\/p>\n<p>\u00dcniversite d\u00fczenlemelerine ili\u015fkin 2006\/6 say\u0131l\u0131 kanunname \u00e7er\u00e7evesinde te\u015fkil edilen Dil Y\u00fcksek Enstit\u00fcs\u00fc muhtelif dillerin \u00f6\u011fretimini peki\u015ftirme amac\u0131 ta\u015f\u0131yor.<\/p>\n","protected":false},"excerpt":{"rendered":"<p>\u015eAM \u2013Cumhurba\u015fkan\u0131 Be\u015f\u015far el Esad; merkezi \u015eam \u00dcniversitesinde olacak Dil Y\u00fcksek Enstit\u00fcs\u00fcn\u00fcn kurulmas\u0131n\u0131 \u00f6ng\u00f6ren 2017\/157 say\u0131l\u0131 kararnameyi onaylad\u0131. \u00dcniversite d\u00fczenlemelerine ili\u015fkin 2006\/6 say\u0131l\u0131 kanunname \u00e7er\u00e7evesinde te\u015fkil edilen Dil Y\u00fcksek Enstit\u00fcs\u00fc muhtelif dillerin \u00f6\u011fretimini peki\u015ftirme amac\u0131 ta\u015f\u0131yor.<\/p>\n","protected":false},"author":1,"featured_media":56583,"comment_status":"closed","ping_status":"closed","sticky":false,"template":"","format":"standard","meta":{"footnotes":""},"categories":[479,605,17988,612,599,478],"tags":[29635],"class_list":["post-114900","post","type-post","status-publish","format-standard","has-post-thumbnail","","category-haberler-yerel","category-sayin-cumhurbaskani","category-son-haberler","category-yasama-kararnameler","category-yasama-ve-kanunlar","category-yerel","tag-universite-duzenlemelerine-iliskin-20066-sayili-kanunname-cercevesinde-teskil-edilen-dil-yuksek-enstitusu-muhtelif-dillerin-ogretimini-pekistirme-amaci-tasiyor"],"_links":{"self":[{"href":"https:\/\/archive.sana.sy\/tr\/index.php?rest_route=\/wp\/v2\/posts\/114900","targetHints":{"allow":["GET"]}}],"collection":[{"href":"https:\/\/archive.sana.sy\/tr\/index.php?rest_route=\/wp\/v2\/posts"}],"about":[{"href":"https:\/\/archive.sana.sy\/tr\/index.php?rest_route=\/wp\/v2\/types\/post"}],"author":[{"embeddable":true,"href":"https:\/\/archive.sana.sy\/tr\/index.php?rest_route=\/wp\/v2\/users\/1"}],"replies":[{"embeddable":true,"href":"https:\/\/archive.sana.sy\/tr\/index.php?rest_route=%2Fwp%2Fv2%2Fcomments&post=114900"}],"version-history":[{"count":0,"href":"https:\/\/archive.sana.sy\/tr\/index.php?rest_route=\/wp\/v2\/posts\/114900\/revisions"}],"wp:featuredmedia":[{"embeddable":true,"href":"https:\/\/archive.sana.sy\/tr\/index.php?rest_route=\/wp\/v2\/media\/56583"}],"wp:attachment":[{"href":"https:\/\/archive.sana.sy\/tr\/index.php?rest_route=%2Fwp%2Fv2%2Fmedia&parent=114900"}],"wp:term":[{"taxonomy":"category","embeddable":true,"href":"https:\/\/archive.sana.sy\/tr\/index.php?rest_route=%2Fwp%2Fv2%2Fcategories&post=114900"},{"taxonomy":"post_tag","embeddable":true,"href":"https:\/\/archive.sana.sy\/tr\/index.php?rest_route=%2Fwp%2Fv2%2Ftags&post=114900"}],"curies":[{"name":"wp","href":"https:\/\/api.w.org\/{rel}","templated":true}]}}