{"id":114901,"date":"2017-05-31T11:54:45","date_gmt":"2017-05-31T08:54:45","guid":{"rendered":"http:\/\/www.sana.sy\/tr\/?p=114901"},"modified":"2017-06-01T13:51:04","modified_gmt":"2017-06-01T10:51:04","slug":"hava-guclerimizin-desteginde-operasyonlar-hizla-suruyor-3","status":"publish","type":"post","link":"https:\/\/archive.sana.sy\/tr\/?p=114901","title":{"rendered":"Hava G\u00fc\u00e7lerimizin Deste\u011finde Operasyonlar H\u0131zla S\u00fcr\u00fcyor"},"content":{"rendered":"<p>DEYREZZOR \u2013 Ordu birliklerimiz hava g\u00fc\u00e7lerimiz ve top\u00e7u birliklerimizin deste\u011finde muhtelif b\u00f6lgelerde silahl\u0131 ter\u00f6r \u00f6rg\u00fctlere kar\u015f\u0131 operasyonlar\u0131n\u0131 amans\u0131z bir \u015fekilde s\u00fcrd\u00fcr\u00fcyor.<\/p>\n<p>SANA\u2019n\u0131n Deyrezzor muhabiri; hava g\u00fc\u00e7lerimizin R\u00fc\u015fdiye Semti ve Askeri Havaalan\u0131n\u0131n civar\u0131nda I\u015e\u0130D\u2019in komuta karargahlar\u0131 ve mevkilerini hedef almalar\u0131 sonucunda \u00e7ok say\u0131da ter\u00f6risti \u00f6l\u00fc ve yaral\u0131 d\u00fc\u015f\u00fcr\u00fcp havzalar\u0131nda bulunan silah ve m\u00fchimmatlar\u0131n\u0131 yok ettiklerini ifade etti.<\/p>\n<p>Muhabir; top\u00e7u birliklerimizin Deyrezzor\u2019un Eski Havaalan\u0131, Huvayka, R\u00fc\u015fdiye, Hamidiye ve Huvaycet Sakr semtlerine ilaveten Teym Petrol Sahas\u0131 civar\u0131, Snuf Tepesinin Bat\u0131s\u0131, Panorama\u2019n\u0131n \u00e7evresi ve B\u011fayliye K\u00f6y\u00fcnde I\u015e\u0130D ter\u00f6r \u00f6rg\u00fct\u00fcne tabi siper ve hareket eksenlerini yo\u011fun ate\u015fe tutmalar\u0131yla tekfircileri say\u0131 ve te\u00e7hizatlar\u0131yla a\u011f\u0131r kay\u0131plara u\u011fratt\u0131klar\u0131n\u0131 kaydetti.<\/p>\n","protected":false},"excerpt":{"rendered":"<p>DEYREZZOR \u2013 Ordu birliklerimiz hava g\u00fc\u00e7lerimiz ve top\u00e7u birliklerimizin deste\u011finde muhtelif b\u00f6lgelerde silahl\u0131 ter\u00f6r \u00f6rg\u00fctlere kar\u015f\u0131 operasyonlar\u0131n\u0131 amans\u0131z bir \u015fekilde s\u00fcrd\u00fcr\u00fcyor. SANA\u2019n\u0131n Deyrezzor muhabiri; hava g\u00fc\u00e7lerimizin R\u00fc\u015fdiye Semti ve Askeri Havaalan\u0131n\u0131n civar\u0131nda I\u015e\u0130D\u2019in komuta karargahlar\u0131 ve mevkilerini hedef almalar\u0131 sonucunda \u00e7ok say\u0131da ter\u00f6risti \u00f6l\u00fc ve yaral\u0131 d\u00fc\u015f\u00fcr\u00fcp havzalar\u0131nda bulunan silah ve m\u00fchimmatlar\u0131n\u0131 yok ettiklerini ifade &hellip;<\/p>\n","protected":false},"author":1,"featured_media":114904,"comment_status":"closed","ping_status":"closed","sticky":false,"template":"","format":"standard","meta":{"footnotes":""},"categories":[479,575,17988,478],"tags":[],"class_list":["post-114901","post","type-post","status-publish","format-standard","has-post-thumbnail","","category-haberler-yerel","category-olaylar-ve-gercekler","category-son-haberler","category-yerel"],"_links":{"self":[{"href":"https:\/\/archive.sana.sy\/tr\/index.php?rest_route=\/wp\/v2\/posts\/114901","targetHints":{"allow":["GET"]}}],"collection":[{"href":"https:\/\/archive.sana.sy\/tr\/index.php?rest_route=\/wp\/v2\/posts"}],"about":[{"href":"https:\/\/archive.sana.sy\/tr\/index.php?rest_route=\/wp\/v2\/types\/post"}],"author":[{"embeddable":true,"href":"https:\/\/archive.sana.sy\/tr\/index.php?rest_route=\/wp\/v2\/users\/1"}],"replies":[{"embeddable":true,"href":"https:\/\/archive.sana.sy\/tr\/index.php?rest_route=%2Fwp%2Fv2%2Fcomments&post=114901"}],"version-history":[{"count":0,"href":"https:\/\/archive.sana.sy\/tr\/index.php?rest_route=\/wp\/v2\/posts\/114901\/revisions"}],"wp:featuredmedia":[{"embeddable":true,"href":"https:\/\/archive.sana.sy\/tr\/index.php?rest_route=\/wp\/v2\/media\/114904"}],"wp:attachment":[{"href":"https:\/\/archive.sana.sy\/tr\/index.php?rest_route=%2Fwp%2Fv2%2Fmedia&parent=114901"}],"wp:term":[{"taxonomy":"category","embeddable":true,"href":"https:\/\/archive.sana.sy\/tr\/index.php?rest_route=%2Fwp%2Fv2%2Fcategories&post=114901"},{"taxonomy":"post_tag","embeddable":true,"href":"https:\/\/archive.sana.sy\/tr\/index.php?rest_route=%2Fwp%2Fv2%2Ftags&post=114901"}],"curies":[{"name":"wp","href":"https:\/\/api.w.org\/{rel}","templated":true}]}}