{"id":11505,"date":"2014-09-28T10:38:18","date_gmt":"2014-09-28T07:38:18","guid":{"rendered":"http:\/\/www.sana.sy\/tr\/?p=11505"},"modified":"2014-09-28T10:38:18","modified_gmt":"2014-09-28T07:38:18","slug":"libya-parlamento-konseyi-baskani-katar-prensi-ve-turk-yetkililerle-gorusmeyi-reddetti","status":"publish","type":"post","link":"https:\/\/archive.sana.sy\/tr\/?p=11505","title":{"rendered":"Libya Parlamento Konseyi Ba\u015fkan\u0131 Katar Prensi ve T\u00fcrk Yetkililerle G\u00f6r\u00fc\u015fmeyi Reddetti"},"content":{"rendered":"<p>TR\u0130POL\u0130 \u2013 Libya Parlamento Konseyi Ba\u015fkan\u0131 Ukeyla Salih \u0130sa New York\u2019ta d\u00fczenlenen Birle\u015fmi\u015f Milletler Genel Kurulu Yan g\u00f6r\u00fc\u015fmelerinde \u00fclkelerinin Libya\u2019daki silahl\u0131 milis ve ter\u00f6rist gruplar\u0131 destekledikleri gerek\u00e7esiyle Katar \u015feyhli\u011fi prensi Temim Bin Hamad ile tokala\u015fmay\u0131 ve herhangi bir T\u00fcrk yetkiliyle g\u00f6r\u00fc\u015fmeyi reddetti.<\/p>\n<p>Libyal\u0131 haber kaynaklar\u0131 Libya Parlamento kaynaklar\u0131ndan naklen, \u0130sa\u2019n\u0131n Katar \u015feyhli\u011fi ve T\u00fcrkiye\u2019deki AKP h\u00fck\u00fcmetinin silahl\u0131 milis ve ter\u00f6rist gruplar\u0131 desteklemeleri rollerini reddetti\u011fine dair a\u00e7\u0131k ve net bir tabiri oldu\u011funu ifade ettiler.<\/p>\n<p>\u0130sa, BM Genel Kurulunun 69. D\u00f6nem toplant\u0131lar\u0131 \u00f6n\u00fcnde yapt\u0131\u011f\u0131 konu\u015fmada, uluslararas\u0131 toplumdan Libya\u2019da siyasi ve g\u00fcvenlik s\u00fcrecini aksatan \u015fah\u0131slara y\u00f6nelik yapt\u0131r\u0131mlar uygulamaya haz\u0131r oldu\u011funu ve Libya\u2019da ter\u00f6rle m\u00fccadele edilmesini belirtmesi gere\u011fini vurgulam\u0131\u015ft\u0131.<\/p>\n","protected":false},"excerpt":{"rendered":"<p>TR\u0130POL\u0130 \u2013 Libya Parlamento Konseyi Ba\u015fkan\u0131 Ukeyla Salih \u0130sa New York\u2019ta d\u00fczenlenen Birle\u015fmi\u015f Milletler Genel Kurulu Yan g\u00f6r\u00fc\u015fmelerinde \u00fclkelerinin Libya\u2019daki silahl\u0131 milis ve ter\u00f6rist gruplar\u0131 destekledikleri gerek\u00e7esiyle Katar \u015feyhli\u011fi prensi Temim Bin Hamad ile tokala\u015fmay\u0131 ve herhangi bir T\u00fcrk yetkiliyle g\u00f6r\u00fc\u015fmeyi reddetti. Libyal\u0131 haber kaynaklar\u0131 Libya Parlamento kaynaklar\u0131ndan naklen, \u0130sa\u2019n\u0131n Katar \u015feyhli\u011fi ve T\u00fcrkiye\u2019deki AKP &hellip;<\/p>\n","protected":false},"author":1,"featured_media":11506,"comment_status":"closed","ping_status":"closed","sticky":false,"template":"","format":"standard","meta":{"footnotes":""},"categories":[458,459,447],"tags":[2801],"class_list":["post-11505","post","type-post","status-publish","format-standard","has-post-thumbnail","","category-dunya1","category-haberler-arap-uluslararasi-politika","category-politika","tag-libya-parlamento-konseyi-baskani-katar-prensi-ve-turk-yetkililerle-gorusmeyi-reddetti"],"_links":{"self":[{"href":"https:\/\/archive.sana.sy\/tr\/index.php?rest_route=\/wp\/v2\/posts\/11505","targetHints":{"allow":["GET"]}}],"collection":[{"href":"https:\/\/archive.sana.sy\/tr\/index.php?rest_route=\/wp\/v2\/posts"}],"about":[{"href":"https:\/\/archive.sana.sy\/tr\/index.php?rest_route=\/wp\/v2\/types\/post"}],"author":[{"embeddable":true,"href":"https:\/\/archive.sana.sy\/tr\/index.php?rest_route=\/wp\/v2\/users\/1"}],"replies":[{"embeddable":true,"href":"https:\/\/archive.sana.sy\/tr\/index.php?rest_route=%2Fwp%2Fv2%2Fcomments&post=11505"}],"version-history":[{"count":0,"href":"https:\/\/archive.sana.sy\/tr\/index.php?rest_route=\/wp\/v2\/posts\/11505\/revisions"}],"wp:featuredmedia":[{"embeddable":true,"href":"https:\/\/archive.sana.sy\/tr\/index.php?rest_route=\/wp\/v2\/media\/11506"}],"wp:attachment":[{"href":"https:\/\/archive.sana.sy\/tr\/index.php?rest_route=%2Fwp%2Fv2%2Fmedia&parent=11505"}],"wp:term":[{"taxonomy":"category","embeddable":true,"href":"https:\/\/archive.sana.sy\/tr\/index.php?rest_route=%2Fwp%2Fv2%2Fcategories&post=11505"},{"taxonomy":"post_tag","embeddable":true,"href":"https:\/\/archive.sana.sy\/tr\/index.php?rest_route=%2Fwp%2Fv2%2Ftags&post=11505"}],"curies":[{"name":"wp","href":"https:\/\/api.w.org\/{rel}","templated":true}]}}