{"id":115263,"date":"2017-06-05T16:11:49","date_gmt":"2017-06-05T13:11:49","guid":{"rendered":"http:\/\/www.sana.sy\/tr\/?p=115263"},"modified":"2017-06-06T15:02:56","modified_gmt":"2017-06-06T12:02:56","slug":"yabanci-sirketler-fuarda-satis-yapabilecek","status":"publish","type":"post","link":"https:\/\/archive.sana.sy\/tr\/?p=115263","title":{"rendered":"Yabanc\u0131 \u015eirketler Fuarda Sat\u0131\u015f Yapabilecek"},"content":{"rendered":"<p>\u015eAM \u2013 Ekonomi ve D\u0131\u015f Ticaret Bakanl\u0131\u011f\u0131 bug\u00fcn, A\u011fustos ay\u0131nda d\u00fczenlenmesi beklenen 59. Uluslararas\u0131 \u015eam Fuar\u0131na kat\u0131lacak yabanc\u0131 \u00fclke ve \u015firketlerin istemeleri halinde \u00fcr\u00fcn sat\u0131\u015f\u0131nda bulunabilmelerini \u00f6ng\u00f6ren bir karar\u0131 onaylad\u0131.<\/p>\n<p>Kararda kat\u0131l\u0131mc\u0131 \u015firket ve devletlerin ithalat kanunu kapsam\u0131nda yerel sat\u0131\u015f ko\u015fullar\u0131yla sat\u0131\u015f yapabilecekleri ifade edilirken, t\u00fct\u00fcn \u00fcr\u00fcnleri, araba, m\u00fccevher, s\u00fcs e\u015fyalar\u0131 ve kullan\u0131lm\u0131\u015f elbiseler sat\u0131\u015ftan engellendi.<\/p>\n<p>Be\u015f y\u0131l aradan sonra ilk kez d\u00fczenlenecek ve Ortado\u011fu\u2019nun en b\u00fcy\u00fck ekonomik faaliyetlerinden biri say\u0131lan Fuar 17-26 A\u011fustos tarihleri aras\u0131nda d\u00fczenlenecek.<\/p>\n","protected":false},"excerpt":{"rendered":"<p>\u015eAM \u2013 Ekonomi ve D\u0131\u015f Ticaret Bakanl\u0131\u011f\u0131 bug\u00fcn, A\u011fustos ay\u0131nda d\u00fczenlenmesi beklenen 59. Uluslararas\u0131 \u015eam Fuar\u0131na kat\u0131lacak yabanc\u0131 \u00fclke ve \u015firketlerin istemeleri halinde \u00fcr\u00fcn sat\u0131\u015f\u0131nda bulunabilmelerini \u00f6ng\u00f6ren bir karar\u0131 onaylad\u0131. Kararda kat\u0131l\u0131mc\u0131 \u015firket ve devletlerin ithalat kanunu kapsam\u0131nda yerel sat\u0131\u015f ko\u015fullar\u0131yla sat\u0131\u015f yapabilecekleri ifade edilirken, t\u00fct\u00fcn \u00fcr\u00fcnleri, araba, m\u00fccevher, s\u00fcs e\u015fyalar\u0131 ve kullan\u0131lm\u0131\u015f elbiseler sat\u0131\u015ftan &hellip;<\/p>\n","protected":false},"author":1,"featured_media":115271,"comment_status":"closed","ping_status":"closed","sticky":false,"template":"","format":"standard","meta":{"footnotes":""},"categories":[485,486,479,17988,478],"tags":[29681,29680],"class_list":["post-115263","post","type-post","status-publish","format-standard","has-post-thumbnail","","category-is-ve-sermaye","category-haberler-is-ve-sermaye","category-haberler-yerel","category-son-haberler","category-yerel","tag-agustos-ayinda-duzenlenmesi-beklenen-59-uluslararasi-sam-fuarina-katilacak-yabanci-ulke-ve-sirketlerin-istemeleri-halinde-urun-satisinda-bulunabilmelerini-ongoren-bir-karari-onayladi","tag-sam-ekonomi-ve-dis-ticaret-bakanligi-bugun"],"_links":{"self":[{"href":"https:\/\/archive.sana.sy\/tr\/index.php?rest_route=\/wp\/v2\/posts\/115263","targetHints":{"allow":["GET"]}}],"collection":[{"href":"https:\/\/archive.sana.sy\/tr\/index.php?rest_route=\/wp\/v2\/posts"}],"about":[{"href":"https:\/\/archive.sana.sy\/tr\/index.php?rest_route=\/wp\/v2\/types\/post"}],"author":[{"embeddable":true,"href":"https:\/\/archive.sana.sy\/tr\/index.php?rest_route=\/wp\/v2\/users\/1"}],"replies":[{"embeddable":true,"href":"https:\/\/archive.sana.sy\/tr\/index.php?rest_route=%2Fwp%2Fv2%2Fcomments&post=115263"}],"version-history":[{"count":0,"href":"https:\/\/archive.sana.sy\/tr\/index.php?rest_route=\/wp\/v2\/posts\/115263\/revisions"}],"wp:featuredmedia":[{"embeddable":true,"href":"https:\/\/archive.sana.sy\/tr\/index.php?rest_route=\/wp\/v2\/media\/115271"}],"wp:attachment":[{"href":"https:\/\/archive.sana.sy\/tr\/index.php?rest_route=%2Fwp%2Fv2%2Fmedia&parent=115263"}],"wp:term":[{"taxonomy":"category","embeddable":true,"href":"https:\/\/archive.sana.sy\/tr\/index.php?rest_route=%2Fwp%2Fv2%2Fcategories&post=115263"},{"taxonomy":"post_tag","embeddable":true,"href":"https:\/\/archive.sana.sy\/tr\/index.php?rest_route=%2Fwp%2Fv2%2Ftags&post=115263"}],"curies":[{"name":"wp","href":"https:\/\/api.w.org\/{rel}","templated":true}]}}