{"id":11546,"date":"2014-09-29T09:17:03","date_gmt":"2014-09-29T06:17:03","guid":{"rendered":"http:\/\/www.sana.sy\/tr\/?p=11546"},"modified":"2014-09-29T12:51:45","modified_gmt":"2014-09-29T09:51:45","slug":"ordunun-kirsallardaki-ilerlemeleri-devam-ediyor","status":"publish","type":"post","link":"https:\/\/archive.sana.sy\/tr\/?p=11546","title":{"rendered":"Ordunun K\u0131rsallardaki \u0130lerlemeleri Devam Ediyor"},"content":{"rendered":"<p>\u0130LLER \u2013 Kahraman ordu birliklerimizin ter\u00f6rist \u00f6rg\u00fct elemanlar\u0131na y\u00f6nelik ba\u015far\u0131l\u0131 operasyonlar\u0131n\u0131 s\u00fcrd\u00fcr\u00fcrken ter\u00f6ristlerin a\u011f\u0131r kay\u0131plar\u0131 devam ediyor.<\/p>\n<p><span style=\"color: #0000ff\">\u015eam K\u0131rsal\u0131 Duhhaniye\u2019de Ordunun \u0130lerlemeleri Devam Ediyor<\/span><\/p>\n<p>Askeri kaynak, ordu birliklerimizin sivil savunma gruplar\u0131yla i\u015fbirli\u011fi \u00e7er\u00e7evesinde \u015eam K\u0131rsal\u0131 Duhhaniye ve Ayn Terma Vadisindeki operasyonlar\u0131n\u0131 ba\u015far\u0131yla s\u00fcrd\u00fcrd\u00fc\u011f\u00fcn\u00fc, Semtin \u00f6nemli b\u00f6l\u00fcmlerini kontrol\u00fc alt\u0131na ald\u0131\u011f\u0131n\u0131, ter\u00f6ristlerin ikmal hatlar\u0131n\u0131 kestiklerini ve aralar\u0131nda yabanc\u0131lar\u0131n bulundu\u011fu \u00e7ok say\u0131da ter\u00f6risti \u00f6ld\u00fcrd\u00fcklerini belirtti.<\/p>\n<p><a href=\"http:\/\/www.sana.sy\/tr\/wp-content\/uploads\/2014\/09\/cobar-1.jpg\"><img loading=\"lazy\" decoding=\"async\" class=\"alignright wp-image-11652 size-medium\" src=\"http:\/\/www.sana.sy\/tr\/wp-content\/uploads\/2014\/09\/cobar-1-300x159.jpg\" alt=\"cobar 1\" width=\"300\" height=\"159\" srcset=\"https:\/\/archive.sana.sy\/tr\/wp-content\/uploads\/2014\/09\/cobar-1-300x160.jpg 300w, https:\/\/archive.sana.sy\/tr\/wp-content\/uploads\/2014\/09\/cobar-1-150x79.jpg 150w, https:\/\/archive.sana.sy\/tr\/wp-content\/uploads\/2014\/09\/cobar-1.jpg 381w\" sizes=\"auto, (max-width: 300px) 100vw, 300px\" \/><\/a>Cobar B\u00f6lgesinin bir\u00e7ok ekseninde ter\u00f6r yuvalar\u0131, karargahlar\u0131 ve t\u00fcnellerini i\u00e7indeki ter\u00f6rist ve cephaneyle tahrip edip \u00f6nemli ilerlemeler kaydeden ordu birliklerimiz yine aralar\u0131nda yabanc\u0131 ve eleba\u015flar\u0131n bulundu\u011fu \u00e7ok say\u0131da ter\u00f6risti \u00f6l\u00fc yaral\u0131 olarak ele ge\u00e7irdi.<\/p>\n<p>Ordu birliklerimiz \u015eam k\u0131rsal\u0131 Duma B\u00f6lgesinin el Ub ve el Aliye tar\u0131m arazilerinde nitelikli operasyonlarda bulunarak bir\u00e7ok ter\u00f6risti \u00f6l\u00fc yaral\u0131 d\u00fc\u015f\u00fcr\u00fcrken; Erbin Beldesinde ter\u00f6rist ve cephane ta\u015f\u0131yan iki ara\u00e7lar\u0131n\u0131 y\u00fckleriyle birlikte imha etti.<\/p>\n<p>Haresta Kasabas\u0131nda ise ordu birliklerimiz yine bir\u00e7ok ter\u00f6risti ekipmanlar\u0131yla birlikte etkisiz hale getirdi.<\/p>\n<p><a href=\"http:\/\/www.sana.sy\/tr\/wp-content\/uploads\/2014\/09\/cobar-21.jpg\"><img loading=\"lazy\" decoding=\"async\" class=\"alignright wp-image-11653 size-medium\" src=\"http:\/\/www.sana.sy\/tr\/wp-content\/uploads\/2014\/09\/cobar-21-300x159.jpg\" alt=\"cobar 2\" width=\"300\" height=\"159\" srcset=\"https:\/\/archive.sana.sy\/tr\/wp-content\/uploads\/2014\/09\/cobar-21-300x160.jpg 300w, https:\/\/archive.sana.sy\/tr\/wp-content\/uploads\/2014\/09\/cobar-21-150x79.jpg 150w, https:\/\/archive.sana.sy\/tr\/wp-content\/uploads\/2014\/09\/cobar-21.jpg 381w\" sizes=\"auto, (max-width: 300px) 100vw, 300px\" \/><\/a>\u015eam k\u0131rsal\u0131n\u0131n Zebadani Kentinin Mahatta Semtinde ter\u00f6ristlerin bir karargah\u0131n\u0131 muhtevalar\u0131yla imha eden ordu birliklerimiz \u00e7ok say\u0131da ter\u00f6risti askeri te\u00e7hizatlar\u0131 ve ara\u00e7lar\u0131yla birlikte etkisiz hale getirdi.<\/p>\n<p>Kalemun Da\u011flar\u0131 Assal el Verd B\u00f6lgesinde de ordu birliklerimiz a\u011f\u0131r makineli silahla donat\u0131lm\u0131\u015f iki arac\u0131 beraberlerindeki t\u00fcm ter\u00f6ristlerle birlikte imha etti.<\/p>\n<p>Dareyya Kasabas\u0131da ordu birliklerimiz ter\u00f6ristlerle girdi\u011fi s\u0131cak temasta bir\u00e7ok ter\u00f6risti etkisiz hale getirdi.<\/p>\n<div style=\"width: 618px;\" class=\"wp-video\"><!--[if lt IE 9]><script>document.createElement('video');<\/script><![endif]-->\n<video class=\"wp-video-shortcode\" id=\"video-11546-1\" width=\"618\" height=\"348\" preload=\"metadata\" controls=\"controls\"><source type=\"video\/x-flv\" src=\"http:\/\/www.sana.sy\/tr\/wp-content\/uploads\/2014\/09\/Cobar8.flv?_=1\" \/><a href=\"http:\/\/www.sana.sy\/tr\/wp-content\/uploads\/2014\/09\/Cobar8.flv\">http:\/\/www.sana.sy\/tr\/wp-content\/uploads\/2014\/09\/Cobar8.flv<\/a><\/video><\/div>\n<p><span style=\"color: #0000ff\">Kunaytra\u2019da S\u0131zma Giri\u015fimleri \u00c7\u00f6kertildi <\/span><\/p>\n<p>Askeri kaynak, ordu birliklerimizin Kunaytra el Baas Kentine s\u0131zmaya \u00e7al\u0131\u015fan ter\u00f6ristlerin giri\u015fimlerini \u00e7\u00f6kerttiklerini \u00e7ok say\u0131da ter\u00f6risti de \u00f6l\u00fc ve yaral\u0131 d\u00fc\u015f\u00fcrd\u00fcklerini belirtti.<\/p>\n<p>Kunaytra k\u0131rsal\u0131n\u0131n Habbariye K\u00f6y\u00fcn\u00fcn yan\u0131 s\u0131ra Akraba ve Tel el Mal b\u00f6lgeleri aras\u0131nda \u00e7ok say\u0131da ter\u00f6risti \u00f6l\u00fc yaral\u0131 d\u00fc\u015f\u00fcrd\u00fcklerini belirten askeri kaynak; Breyka \u2013 Biir el Acem ve Um Batina \u2013 Cebba karayollar\u0131 \u00fczerinde bir\u00e7ok arac\u0131 ta\u015f\u0131d\u0131\u011f\u0131 ter\u00f6rist ve cephaneyle birlikte imha ettiklerini aktard\u0131.<\/p>\n<p>Ordu birliklerimiz yine Kunaytra k\u0131rsal\u0131n\u0131n Men\u015fiye, Dorin, Kabu, Um el \u0130zam, Hmeydiye ve Meshara b\u00f6lgelerinde ter\u00f6ristlerin toplanma yerleri ve karargahlar\u0131n\u0131 hedef alarak tekfirci ve hainleri say\u0131 ve te\u00e7hizatlar\u0131yla a\u011f\u0131r kay\u0131plara u\u011fratt\u0131.<\/p>\n<p><span style=\"color: #0000ff\">\u0130dlib K\u0131rsal\u0131nda \u00c7ok Say\u0131da Ter\u00f6rist \u00d6ld\u00fcr\u00fcld\u00fc<\/span><\/p>\n<p>Askeri kaynak, ordu birliklerimizin \u0130dlib k\u0131rsal\u0131 Abu el Duhur havaalan\u0131 \u00e7evresinde \u00e7ok say\u0131da ter\u00f6risti \u00f6l\u00fc ve yaral\u0131 d\u00fc\u015f\u00fcrd\u00fcklerini, a\u011f\u0131r makineli silahla donan\u0131ml\u0131 iki, biri de motosiklet dolu 3 ara\u00e7lar\u0131 yan\u0131 s\u0131ra bir cephane depolar\u0131n\u0131 da imha ettiklerini s\u00f6yledi.<\/p>\n<p>Kaynak, ordu birliklerimizin \u0130dlib k\u0131rsal\u0131 el Bavvabe Beldesi yak\u0131nlar\u0131nda s\u00f6zde \u201cLiva ul Hak\u201d ter\u00f6r \u00f6rg\u00fct\u00fc eleba\u015flar\u0131n\u0131n bulundu\u011fu toplanma merkezleriyle h\u00fccrelerini hedef almas\u0131 sonucunda \u00e7ok say\u0131da ter\u00f6risti \u00f6l\u00fc ve yaral\u0131 d\u00fc\u015f\u00fcrd\u00fcklerini, baz\u0131 a\u011f\u0131r ara\u00e7lar\u0131 yan\u0131 s\u0131ra b\u00fcy\u00fck bir cephane deposunu imha ettiklerini, i\u00e7indeki ter\u00f6ristlerle birlikte baz\u0131 ara\u00e7lar\u0131n\u0131 da etkisiz hale getirdiklerini ifade etti.<\/p>\n<p>\u0130dlib k\u0131rsal\u0131n\u0131n Nahla Beldesi civar\u0131nda ter\u00f6ristlerin bir k\u00fcmelenme yerini muhtevalar\u0131yla imha eden ordu birliklerimiz, \u00e7ok say\u0131da ter\u00f6risti ara\u00e7 ve ekipmanlar\u0131yla birlikte etkisiz hale getirdi.<\/p>\n<p><span style=\"color: #0000ff\">Dera K\u0131rsal\u0131nda Ba\u015far\u0131l\u0131 Operasyonlar S\u00fcr\u00fcyor<\/span><\/p>\n<p>Askeri kaynak ordu birliklerimizin Dera k\u0131rsal\u0131n\u0131n Etman Beldesinin do\u011fusuna ilaveten Deyr Ades ve Busr el Harir b\u00f6lgelerinde ter\u00f6ristlerin k\u00fcmelenme yerlerini hedef alarak \u00e7ok say\u0131da hain ve tekfirciyi \u00f6l\u00fc yaral\u0131 d\u00fc\u015f\u00fcrd\u00fcklerini, kulland\u0131klar\u0131 bir\u00e7ok arac\u0131 da muhtevalar\u0131yla imha ettiklerini belirtti.<\/p>\n<p>Ordu birliklerimiz ayr\u0131ca Dera k\u0131rsal\u0131n\u0131n \u2013 Etman Tafas karayolu \u00fczerinde ter\u00f6ristlere ait z\u0131rhl\u0131 bir arac\u0131 i\u00e7indeki ter\u00f6ristlerle birlikte imha etti.<\/p>\n<p><span style=\"color: #0000ff\">Homs K\u0131rsal\u0131nda \u00c7ok Say\u0131da Ter\u00f6rist \u00d6ld\u00fcr\u00fcld\u00fc<\/span><\/p>\n<p>Askeri kaynak, ordu birliklerimizin Homs Do\u011fu k\u0131rsal\u0131 Mesada, Mu\u015feyrfe, Rahum, Tedmuriye ve Saan B\u00f6lgesi Tel Ba\u015fa\u2019n\u0131n bat\u0131s\u0131nda ter\u00f6ristlerin toplanma merkezleri ve h\u00fccrelerini hedef almalar\u0131 sonucunda \u00e7ok say\u0131da ter\u00f6risti \u00f6l\u00fc ve yaral\u0131 d\u00fc\u015f\u00fcrd\u00fcklerini su\u00e7 edatlar\u0131n\u0131 da imha ettiklerini s\u00f6yledi.<\/p>\n<p>Kaynak, birliklerimizin Homs kuzey k\u0131rsal\u0131n\u0131n Tel el Resten ve Resten Ayn el Gacer\u2019de d\u00fczenledi\u011fi bir dizi operasyon sonucunda \u00e7ok say\u0131da ter\u00f6risti \u00f6l\u00fc ve yaral\u0131 d\u00fc\u015f\u00fcrd\u00fcklerini ifade etti.<\/p>\n<p>Kaynak ordu birliklerimizin Homs k\u0131rsal\u0131nda Tedm\u00fcr yolu \u00fczeri \u00d6rnek K\u00f6y, Hisya g\u00fcney bat\u0131s\u0131nda Semermer Vadisi ve Fav\u015favi\u015f\u2019te ter\u00f6r yuvalar\u0131n\u0131 hedef almas\u0131 sonucunda \u00e7ok say\u0131da ter\u00f6ristin \u00f6l\u00fc ve yaral\u0131 d\u00fc\u015ft\u00fc\u011f\u00fcn\u00fc belirtti.<\/p>\n<p><span style=\"color: #0000ff\">Deyrezzor&#8217;da Yabanc\u0131 I\u015e\u0130D&#8217;\u00e7iler \u00d6ld\u00fcr\u00fcld\u00fc<\/span><\/p>\n<p>Deyrezzor\u2019da Ordu birliklerimizin Hamidiye, \u015eeyh Yasin, H\u00fcveyka, S\u0131naa ve Kenamat semtlerinde I\u015e\u0130D ter\u00f6ristlerinin topluluklar\u0131na d\u00fczenledi\u011fi operasyonlarda aralar\u0131nda M\u0131s\u0131r uyruklu \u0130sam Abd\u00fcrrahman ve Gadir Uceyli bulunan, bir k\u0131sm\u0131 yabanc\u0131 olan \u00e7ok say\u0131da \u00a0ter\u00f6ristin \u00f6ld\u00fcr\u00fcld\u00fc\u011f\u00fc bildirildi.<\/p>\n<p><span style=\"color: #0000ff\">Halep Semtlerinde Operasyonlar S\u00fcr\u00fcyo<\/span>r<\/p>\n<p>Askeri bir kaynak, Halep\u2019te ordu birliklerimizin Merkezi Hapishane civar\u0131nda, C\u00fcbeyliye, Maaret el Artik, Ansari, Ramuse, Beni Zeyd, Leyremun ve Kellase\u2019de operayonlar d\u00fczenleyip \u00e7ok say\u0131da ter\u00f6risti \u00f6l\u00fc ve yaral\u0131 d\u00fc\u015f\u00fcrd\u00fc\u011f\u00fcn\u00fc kaydetti<\/p>\n<p><span style=\"color: #0000ff\">\u0130dlib\u2019de \u0130mha Edilen Ter\u00f6rist \u00c7ete<\/span><\/p>\n<p>Ordu birliklerimizin \u0130dlib k\u0131rsal\u0131nda Cisrel\u015fu\u011fu\u2019a ba\u011fl\u0131 Helluz K\u00f6y\u00fc civar\u0131nda ter\u00f6rist bir grubu b\u00fct\u00fcn \u00fcyeleri ve silahlar\u0131yla beraber tamamen imha etti\u011fi bildirildi.<\/p>\n<p>&nbsp;<\/p>\n","protected":false},"excerpt":{"rendered":"<p>\u0130LLER \u2013 Kahraman ordu birliklerimizin ter\u00f6rist \u00f6rg\u00fct elemanlar\u0131na y\u00f6nelik ba\u015far\u0131l\u0131 operasyonlar\u0131n\u0131 s\u00fcrd\u00fcr\u00fcrken ter\u00f6ristlerin a\u011f\u0131r kay\u0131plar\u0131 devam ediyor. \u015eam K\u0131rsal\u0131 Duhhaniye\u2019de Ordunun \u0130lerlemeleri Devam Ediyor Askeri kaynak, ordu birliklerimizin sivil savunma gruplar\u0131yla i\u015fbirli\u011fi \u00e7er\u00e7evesinde \u015eam K\u0131rsal\u0131 Duhhaniye ve Ayn Terma Vadisindeki operasyonlar\u0131n\u0131 ba\u015far\u0131yla s\u00fcrd\u00fcrd\u00fc\u011f\u00fcn\u00fc, Semtin \u00f6nemli b\u00f6l\u00fcmlerini kontrol\u00fc alt\u0131na ald\u0131\u011f\u0131n\u0131, ter\u00f6ristlerin ikmal hatlar\u0131n\u0131 kestiklerini ve aralar\u0131nda &hellip;<\/p>\n","protected":false},"author":1,"featured_media":11548,"comment_status":"closed","ping_status":"closed","sticky":false,"template":"","format":"standard","meta":{"footnotes":""},"categories":[575],"tags":[2808],"class_list":["post-11546","post","type-post","status-publish","format-standard","has-post-thumbnail","","category-olaylar-ve-gercekler","tag-ordunun-kirsallardaki-ilerlemeleri-devam-ediyor"],"_links":{"self":[{"href":"https:\/\/archive.sana.sy\/tr\/index.php?rest_route=\/wp\/v2\/posts\/11546","targetHints":{"allow":["GET"]}}],"collection":[{"href":"https:\/\/archive.sana.sy\/tr\/index.php?rest_route=\/wp\/v2\/posts"}],"about":[{"href":"https:\/\/archive.sana.sy\/tr\/index.php?rest_route=\/wp\/v2\/types\/post"}],"author":[{"embeddable":true,"href":"https:\/\/archive.sana.sy\/tr\/index.php?rest_route=\/wp\/v2\/users\/1"}],"replies":[{"embeddable":true,"href":"https:\/\/archive.sana.sy\/tr\/index.php?rest_route=%2Fwp%2Fv2%2Fcomments&post=11546"}],"version-history":[{"count":0,"href":"https:\/\/archive.sana.sy\/tr\/index.php?rest_route=\/wp\/v2\/posts\/11546\/revisions"}],"wp:featuredmedia":[{"embeddable":true,"href":"https:\/\/archive.sana.sy\/tr\/index.php?rest_route=\/wp\/v2\/media\/11548"}],"wp:attachment":[{"href":"https:\/\/archive.sana.sy\/tr\/index.php?rest_route=%2Fwp%2Fv2%2Fmedia&parent=11546"}],"wp:term":[{"taxonomy":"category","embeddable":true,"href":"https:\/\/archive.sana.sy\/tr\/index.php?rest_route=%2Fwp%2Fv2%2Fcategories&post=11546"},{"taxonomy":"post_tag","embeddable":true,"href":"https:\/\/archive.sana.sy\/tr\/index.php?rest_route=%2Fwp%2Fv2%2Ftags&post=11546"}],"curies":[{"name":"wp","href":"https:\/\/api.w.org\/{rel}","templated":true}]}}