{"id":115552,"date":"2017-06-07T18:19:32","date_gmt":"2017-06-07T15:19:32","guid":{"rendered":"http:\/\/www.sana.sy\/tr\/?p=115552"},"modified":"2017-06-07T18:19:32","modified_gmt":"2017-06-07T15:19:32","slug":"askeri-kaynak-homs-ilinin-dogusu-badiye-bolgesinde-isidli-onlarca-teroristi-kullandiklari-araclari-ve-cephaneleriyle-etkisiz-hale-getiren-ordu-birliklerimizin-tel-el-ferri-bolgesini-radikal-c","status":"publish","type":"post","link":"https:\/\/archive.sana.sy\/tr\/?p=115552","title":{"rendered":"Askeri kaynak Homs \u0130linin do\u011fusu Badiye B\u00f6lgesinde I\u015e\u0130D\u2019li onlarca ter\u00f6risti kulland\u0131klar\u0131 ara\u00e7lar\u0131 ve cephaneleriyle etkisiz hale getiren ordu birliklerimizin Tel el Ferri B\u00f6lgesini radikal \u00e7etelerden kurtar\u0131p kontrollerine ge\u00e7irdiklerini aktard\u0131"},"content":{"rendered":"<p>Askeri kaynak Homs \u0130linin do\u011fusu Badiye B\u00f6lgesinde I\u015e\u0130D\u2019li onlarca ter\u00f6risti kulland\u0131klar\u0131 ara\u00e7lar\u0131 ve cephaneleriyle etkisiz hale getiren ordu birliklerimizin Tel el Ferri B\u00f6lgesini radikal \u00e7etelerden kurtar\u0131p kontrollerine ge\u00e7irdiklerini aktard\u0131<\/p>\n","protected":false},"excerpt":{"rendered":"<p>Askeri kaynak Homs \u0130linin do\u011fusu Badiye B\u00f6lgesinde I\u015e\u0130D\u2019li onlarca ter\u00f6risti kulland\u0131klar\u0131 ara\u00e7lar\u0131 ve cephaneleriyle etkisiz hale getiren ordu birliklerimizin Tel el Ferri B\u00f6lgesini radikal \u00e7etelerden kurtar\u0131p kontrollerine ge\u00e7irdiklerini aktard\u0131<\/p>\n","protected":false},"author":1,"featured_media":0,"comment_status":"closed","ping_status":"closed","sticky":false,"template":"","format":"standard","meta":{"footnotes":""},"categories":[17991],"tags":[],"class_list":["post-115552","post","type-post","status-publish","format-standard","","category-son-dakika"],"_links":{"self":[{"href":"https:\/\/archive.sana.sy\/tr\/index.php?rest_route=\/wp\/v2\/posts\/115552","targetHints":{"allow":["GET"]}}],"collection":[{"href":"https:\/\/archive.sana.sy\/tr\/index.php?rest_route=\/wp\/v2\/posts"}],"about":[{"href":"https:\/\/archive.sana.sy\/tr\/index.php?rest_route=\/wp\/v2\/types\/post"}],"author":[{"embeddable":true,"href":"https:\/\/archive.sana.sy\/tr\/index.php?rest_route=\/wp\/v2\/users\/1"}],"replies":[{"embeddable":true,"href":"https:\/\/archive.sana.sy\/tr\/index.php?rest_route=%2Fwp%2Fv2%2Fcomments&post=115552"}],"version-history":[{"count":0,"href":"https:\/\/archive.sana.sy\/tr\/index.php?rest_route=\/wp\/v2\/posts\/115552\/revisions"}],"wp:attachment":[{"href":"https:\/\/archive.sana.sy\/tr\/index.php?rest_route=%2Fwp%2Fv2%2Fmedia&parent=115552"}],"wp:term":[{"taxonomy":"category","embeddable":true,"href":"https:\/\/archive.sana.sy\/tr\/index.php?rest_route=%2Fwp%2Fv2%2Fcategories&post=115552"},{"taxonomy":"post_tag","embeddable":true,"href":"https:\/\/archive.sana.sy\/tr\/index.php?rest_route=%2Fwp%2Fv2%2Ftags&post=115552"}],"curies":[{"name":"wp","href":"https:\/\/api.w.org\/{rel}","templated":true}]}}