{"id":115556,"date":"2017-06-08T11:50:35","date_gmt":"2017-06-08T08:50:35","guid":{"rendered":"http:\/\/www.sana.sy\/tr\/?p=115556"},"modified":"2017-06-08T11:52:29","modified_gmt":"2017-06-08T08:52:29","slug":"cumhurbaskani-bessar-el-esad-iran-cumhurbaskani-hasan-ruhaniyi-telefonla-arayarak-dun-tahranda-meydana-gelen-teror-saldirilarinda-sehit-dusenlerden-dolayi-iran-hukumeti-ve-halkina","status":"publish","type":"post","link":"https:\/\/archive.sana.sy\/tr\/?p=115556","title":{"rendered":"Cumhurba\u015fkan\u0131 Be\u015f\u015far el Esad, \u0130ran Cumhurba\u015fkan\u0131 Hasan Ruhani\u2019yi telefonla arayarak, d\u00fcn Tahran\u2019da meydana gelen ter\u00f6r sald\u0131r\u0131lar\u0131nda \u015fehit d\u00fc\u015fenlerden dolay\u0131 \u0130ran h\u00fck\u00fcmeti ve halk\u0131na taziyelerini takdim etti"},"content":{"rendered":"<p>Cumhurba\u015fkan\u0131 Be\u015f\u015far el Esad, \u0130ran Cumhurba\u015fkan\u0131 Hasan Ruhani\u2019yi telefonla arayarak, d\u00fcn Tahran\u2019da meydana gelen ter\u00f6r sald\u0131r\u0131lar\u0131nda \u015fehit d\u00fc\u015fenlerden dolay\u0131 \u0130ran h\u00fck\u00fcmeti ve halk\u0131na taziyelerini takdim etti<\/p>\n","protected":false},"excerpt":{"rendered":"<p>Cumhurba\u015fkan\u0131 Be\u015f\u015far el Esad, \u0130ran Cumhurba\u015fkan\u0131 Hasan Ruhani\u2019yi telefonla arayarak, d\u00fcn Tahran\u2019da meydana gelen ter\u00f6r sald\u0131r\u0131lar\u0131nda \u015fehit d\u00fc\u015fenlerden dolay\u0131 \u0130ran h\u00fck\u00fcmeti ve halk\u0131na taziyelerini takdim etti<\/p>\n","protected":false},"author":1,"featured_media":0,"comment_status":"closed","ping_status":"closed","sticky":false,"template":"","format":"standard","meta":{"footnotes":""},"categories":[17991],"tags":[],"class_list":["post-115556","post","type-post","status-publish","format-standard","","category-son-dakika"],"_links":{"self":[{"href":"https:\/\/archive.sana.sy\/tr\/index.php?rest_route=\/wp\/v2\/posts\/115556","targetHints":{"allow":["GET"]}}],"collection":[{"href":"https:\/\/archive.sana.sy\/tr\/index.php?rest_route=\/wp\/v2\/posts"}],"about":[{"href":"https:\/\/archive.sana.sy\/tr\/index.php?rest_route=\/wp\/v2\/types\/post"}],"author":[{"embeddable":true,"href":"https:\/\/archive.sana.sy\/tr\/index.php?rest_route=\/wp\/v2\/users\/1"}],"replies":[{"embeddable":true,"href":"https:\/\/archive.sana.sy\/tr\/index.php?rest_route=%2Fwp%2Fv2%2Fcomments&post=115556"}],"version-history":[{"count":0,"href":"https:\/\/archive.sana.sy\/tr\/index.php?rest_route=\/wp\/v2\/posts\/115556\/revisions"}],"wp:attachment":[{"href":"https:\/\/archive.sana.sy\/tr\/index.php?rest_route=%2Fwp%2Fv2%2Fmedia&parent=115556"}],"wp:term":[{"taxonomy":"category","embeddable":true,"href":"https:\/\/archive.sana.sy\/tr\/index.php?rest_route=%2Fwp%2Fv2%2Fcategories&post=115556"},{"taxonomy":"post_tag","embeddable":true,"href":"https:\/\/archive.sana.sy\/tr\/index.php?rest_route=%2Fwp%2Fv2%2Ftags&post=115556"}],"curies":[{"name":"wp","href":"https:\/\/api.w.org\/{rel}","templated":true}]}}