{"id":115568,"date":"2017-06-08T11:00:19","date_gmt":"2017-06-08T08:00:19","guid":{"rendered":"http:\/\/www.sana.sy\/tr\/?p=115568"},"modified":"2017-06-09T13:50:35","modified_gmt":"2017-06-09T10:50:35","slug":"115568","status":"publish","type":"post","link":"https:\/\/archive.sana.sy\/tr\/?p=115568","title":{"rendered":"Trump\u2019un Geli\u015finden Sonra Say\u0131 Artt\u0131"},"content":{"rendered":"<p>LONDRA \u2013 \u0130ngiliz yazar Julian Borger Guardian Gazetesinde yay\u0131nlad\u0131\u011f\u0131 bir raporda; \u201culuslararas\u0131 koalisyon g\u00fc\u00e7lerinin Suriye ve Irak\u2019ta \u2018I\u015e\u0130D\u2019e kar\u015f\u0131 sava\u015f\u2019 bahanesi alt\u0131nda bulunduklar\u0131 sald\u0131r\u0131larda \u00f6len sivillerin say\u0131s\u0131, ABD\u2019de Donald Trump\u2019un y\u00f6netime gelmesinden sonra daha fazla artt\u0131.\u201d \u0130fadesini kulland\u0131.<\/p>\n<p>Borger koalisyon g\u00fc\u00e7lerinin sald\u0131r\u0131lar\u0131nda \u00f6len sivillerin say\u0131s\u0131n\u0131n, ABD idaresinin ilan etti\u011fi say\u0131n\u0131n \u00e7ok daha \u00fcst\u00fcnde oldu\u011funu ifade ederken, Trump\u2019un ABD g\u00fc\u00e7lerine daha fazla yetki vermesiyle \u00f6len sivillerin say\u0131s\u0131n\u0131n daha da artaca\u011f\u0131 tahminlerinde bulundu.<\/p>\n","protected":false},"excerpt":{"rendered":"<p>LONDRA \u2013 \u0130ngiliz yazar Julian Borger Guardian Gazetesinde yay\u0131nlad\u0131\u011f\u0131 bir raporda; \u201culuslararas\u0131 koalisyon g\u00fc\u00e7lerinin Suriye ve Irak\u2019ta \u2018I\u015e\u0130D\u2019e kar\u015f\u0131 sava\u015f\u2019 bahanesi alt\u0131nda bulunduklar\u0131 sald\u0131r\u0131larda \u00f6len sivillerin say\u0131s\u0131, ABD\u2019de Donald Trump\u2019un y\u00f6netime gelmesinden sonra daha fazla artt\u0131.\u201d \u0130fadesini kulland\u0131. Borger koalisyon g\u00fc\u00e7lerinin sald\u0131r\u0131lar\u0131nda \u00f6len sivillerin say\u0131s\u0131n\u0131n, ABD idaresinin ilan etti\u011fi say\u0131n\u0131n \u00e7ok daha \u00fcst\u00fcnde oldu\u011funu ifade &hellip;<\/p>\n","protected":false},"author":1,"featured_media":115569,"comment_status":"closed","ping_status":"closed","sticky":false,"template":"","format":"standard","meta":{"footnotes":""},"categories":[556,458,559,459,17988],"tags":[23597,29777,29776,29774,22518,29778,26284,4076,29775],"class_list":["post-115568","post","type-post","status-publish","format-standard","has-post-thumbnail","","category-basin","category-dunya1","category-dunya-basini","category-haberler-arap-uluslararasi-politika","category-son-haberler","tag-abd-baskani","tag-dunald-trump","tag-ingiliz-yazar","tag-julian-borger","tag-koalisyon-gucleri","tag-olen-sivillerin-sayisi","tag-suriye-ve-irak","tag-terorle-mucadele","tag-the-guardian"],"_links":{"self":[{"href":"https:\/\/archive.sana.sy\/tr\/index.php?rest_route=\/wp\/v2\/posts\/115568","targetHints":{"allow":["GET"]}}],"collection":[{"href":"https:\/\/archive.sana.sy\/tr\/index.php?rest_route=\/wp\/v2\/posts"}],"about":[{"href":"https:\/\/archive.sana.sy\/tr\/index.php?rest_route=\/wp\/v2\/types\/post"}],"author":[{"embeddable":true,"href":"https:\/\/archive.sana.sy\/tr\/index.php?rest_route=\/wp\/v2\/users\/1"}],"replies":[{"embeddable":true,"href":"https:\/\/archive.sana.sy\/tr\/index.php?rest_route=%2Fwp%2Fv2%2Fcomments&post=115568"}],"version-history":[{"count":0,"href":"https:\/\/archive.sana.sy\/tr\/index.php?rest_route=\/wp\/v2\/posts\/115568\/revisions"}],"wp:featuredmedia":[{"embeddable":true,"href":"https:\/\/archive.sana.sy\/tr\/index.php?rest_route=\/wp\/v2\/media\/115569"}],"wp:attachment":[{"href":"https:\/\/archive.sana.sy\/tr\/index.php?rest_route=%2Fwp%2Fv2%2Fmedia&parent=115568"}],"wp:term":[{"taxonomy":"category","embeddable":true,"href":"https:\/\/archive.sana.sy\/tr\/index.php?rest_route=%2Fwp%2Fv2%2Fcategories&post=115568"},{"taxonomy":"post_tag","embeddable":true,"href":"https:\/\/archive.sana.sy\/tr\/index.php?rest_route=%2Fwp%2Fv2%2Ftags&post=115568"}],"curies":[{"name":"wp","href":"https:\/\/api.w.org\/{rel}","templated":true}]}}