{"id":11573,"date":"2014-09-28T16:04:14","date_gmt":"2014-09-28T13:04:14","guid":{"rendered":"http:\/\/www.sana.sy\/tr\/?p=11573"},"modified":"2014-09-28T16:04:14","modified_gmt":"2014-09-28T13:04:14","slug":"sehit-futbolcunun-anisina-turnuva-duzenlendi","status":"publish","type":"post","link":"https:\/\/archive.sana.sy\/tr\/?p=11573","title":{"rendered":"\u015eehit Futbolcunun An\u0131s\u0131na Turnuva D\u00fczenlendi"},"content":{"rendered":"<p>HAMA \u2013 Hama el Basel Stadyumunda d\u00fcn el Talia futbol kul\u00fcb\u00fc oyuncusu \u015eehit Alaa Bseyle an\u0131s\u0131na be\u015f kul\u00fcb\u00fcn kat\u0131l\u0131m\u0131yla d\u00fczenlenen turnuva ba\u015flad\u0131.<\/p>\n<p>El Talia kul\u00fcb\u00fc yan\u0131 s\u0131ra turnuvaya el Navair, Hama \u0130\u015f\u00e7ileri, Hama Polisleri ve Hama \u00dcniversitesi Spor Fak\u00fcltesi kul\u00fcpleri kat\u0131ld\u0131.<\/p>\n<p>21 ya\u015f\u0131nda olan futbolcu Alaa Bseyle ge\u00e7en y\u0131l, ter\u00f6rist \u00e7etelere kar\u015f\u0131 Suriye\u2019yi savunma g\u00f6revini eda ederken \u015fehit d\u00fc\u015fm\u00fc\u015ft\u00fc.<\/p>\n<p>Turnuvan\u0131n a\u00e7\u0131l\u0131\u015f ma\u00e7\u0131nda Hama \u0130\u015f\u00e7ileri Hama Polislerini 5-1 skorla yenmeyi ba\u015fard\u0131.<\/p>\n","protected":false},"excerpt":{"rendered":"<p>HAMA \u2013 Hama el Basel Stadyumunda d\u00fcn el Talia futbol kul\u00fcb\u00fc oyuncusu \u015eehit Alaa Bseyle an\u0131s\u0131na be\u015f kul\u00fcb\u00fcn kat\u0131l\u0131m\u0131yla d\u00fczenlenen turnuva ba\u015flad\u0131. El Talia kul\u00fcb\u00fc yan\u0131 s\u0131ra turnuvaya el Navair, Hama \u0130\u015f\u00e7ileri, Hama Polisleri ve Hama \u00dcniversitesi Spor Fak\u00fcltesi kul\u00fcpleri kat\u0131ld\u0131. 21 ya\u015f\u0131nda olan futbolcu Alaa Bseyle ge\u00e7en y\u0131l, ter\u00f6rist \u00e7etelere kar\u015f\u0131 Suriye\u2019yi savunma g\u00f6revini &hellip;<\/p>\n","protected":false},"author":1,"featured_media":11574,"comment_status":"closed","ping_status":"closed","sticky":false,"template":"","format":"standard","meta":{"footnotes":""},"categories":[496,497],"tags":[2816],"class_list":["post-11573","post","type-post","status-publish","format-standard","has-post-thumbnail","","category-spor","category-yerel-turnuvalar","tag-sehit-futbolcunun-anisina-turnuva-duzenlendi"],"_links":{"self":[{"href":"https:\/\/archive.sana.sy\/tr\/index.php?rest_route=\/wp\/v2\/posts\/11573","targetHints":{"allow":["GET"]}}],"collection":[{"href":"https:\/\/archive.sana.sy\/tr\/index.php?rest_route=\/wp\/v2\/posts"}],"about":[{"href":"https:\/\/archive.sana.sy\/tr\/index.php?rest_route=\/wp\/v2\/types\/post"}],"author":[{"embeddable":true,"href":"https:\/\/archive.sana.sy\/tr\/index.php?rest_route=\/wp\/v2\/users\/1"}],"replies":[{"embeddable":true,"href":"https:\/\/archive.sana.sy\/tr\/index.php?rest_route=%2Fwp%2Fv2%2Fcomments&post=11573"}],"version-history":[{"count":0,"href":"https:\/\/archive.sana.sy\/tr\/index.php?rest_route=\/wp\/v2\/posts\/11573\/revisions"}],"wp:featuredmedia":[{"embeddable":true,"href":"https:\/\/archive.sana.sy\/tr\/index.php?rest_route=\/wp\/v2\/media\/11574"}],"wp:attachment":[{"href":"https:\/\/archive.sana.sy\/tr\/index.php?rest_route=%2Fwp%2Fv2%2Fmedia&parent=11573"}],"wp:term":[{"taxonomy":"category","embeddable":true,"href":"https:\/\/archive.sana.sy\/tr\/index.php?rest_route=%2Fwp%2Fv2%2Fcategories&post=11573"},{"taxonomy":"post_tag","embeddable":true,"href":"https:\/\/archive.sana.sy\/tr\/index.php?rest_route=%2Fwp%2Fv2%2Ftags&post=11573"}],"curies":[{"name":"wp","href":"https:\/\/api.w.org\/{rel}","templated":true}]}}