{"id":11576,"date":"2014-09-28T16:33:30","date_gmt":"2014-09-28T13:33:30","guid":{"rendered":"http:\/\/www.sana.sy\/tr\/?p=11576"},"modified":"2014-09-28T16:33:30","modified_gmt":"2014-09-28T13:33:30","slug":"askeri-bir-kaynak-ordu-birliklerimizin-homs-kirsalinda-tedmur-yolu-uzeri-ornek-koy-hisya-guney-batisinda-semermer-vadisi-ve-favsaviste-teror-yuvalarini-hedef-almasi-sonucunda-cok-sayida-tero","status":"publish","type":"post","link":"https:\/\/archive.sana.sy\/tr\/?p=11576","title":{"rendered":"Askeri bir kaynak ordu birliklerimizin Homs k\u0131rsal\u0131nda Tedm\u00fcr yolu \u00fczeri \u00d6rnek K\u00f6y, Hisya g\u00fcney bat\u0131s\u0131nda Semermer Vadisi ve Fav\u015favi\u015f\u2019te ter\u00f6r yuvalar\u0131n\u0131 hedef almas\u0131 sonucunda \u00e7ok say\u0131da ter\u00f6ristin \u00f6l\u00fc ve yaral\u0131 d\u00fc\u015ft\u00fc\u011f\u00fcn\u00fc belirtti."},"content":{"rendered":"<p>Askeri bir kaynak ordu birliklerimizin Homs k\u0131rsal\u0131nda Tedm\u00fcr yolu \u00fczeri \u00d6rnek K\u00f6y, Hisya g\u00fcney bat\u0131s\u0131nda Semermer Vadisi ve Fav\u015favi\u015f\u2019te ter\u00f6r yuvalar\u0131n\u0131 hedef almas\u0131 sonucunda \u00e7ok say\u0131da ter\u00f6ristin \u00f6l\u00fc ve yaral\u0131 d\u00fc\u015ft\u00fc\u011f\u00fcn\u00fc belirtti.<\/p>\n","protected":false},"excerpt":{"rendered":"<p>Askeri bir kaynak ordu birliklerimizin Homs k\u0131rsal\u0131nda Tedm\u00fcr yolu \u00fczeri \u00d6rnek K\u00f6y, Hisya g\u00fcney bat\u0131s\u0131nda Semermer Vadisi ve Fav\u015favi\u015f\u2019te ter\u00f6r yuvalar\u0131n\u0131 hedef almas\u0131 sonucunda \u00e7ok say\u0131da ter\u00f6ristin \u00f6l\u00fc ve yaral\u0131 d\u00fc\u015ft\u00fc\u011f\u00fcn\u00fc belirtti.<\/p>\n","protected":false},"author":1,"featured_media":0,"comment_status":"closed","ping_status":"closed","sticky":false,"template":"","format":"standard","meta":{"footnotes":""},"categories":[1],"tags":[2817,2818],"class_list":["post-11576","post","type-post","status-publish","format-standard","","category-news-not-sorted","tag-askeri-bir-kaynak-ordu-birliklerimizin-homs-kirsalinda-tedmur-yolu-uzeri-ornek-koy","tag-hisya-guney-batisinda-semermer-vadisi-ve-favsaviste-teror-yuvalarini-hedef-almasi-sonucunda-cok-sayida-teroristin-olu-ve-yarali-dustugunu-belirtti"],"_links":{"self":[{"href":"https:\/\/archive.sana.sy\/tr\/index.php?rest_route=\/wp\/v2\/posts\/11576","targetHints":{"allow":["GET"]}}],"collection":[{"href":"https:\/\/archive.sana.sy\/tr\/index.php?rest_route=\/wp\/v2\/posts"}],"about":[{"href":"https:\/\/archive.sana.sy\/tr\/index.php?rest_route=\/wp\/v2\/types\/post"}],"author":[{"embeddable":true,"href":"https:\/\/archive.sana.sy\/tr\/index.php?rest_route=\/wp\/v2\/users\/1"}],"replies":[{"embeddable":true,"href":"https:\/\/archive.sana.sy\/tr\/index.php?rest_route=%2Fwp%2Fv2%2Fcomments&post=11576"}],"version-history":[{"count":0,"href":"https:\/\/archive.sana.sy\/tr\/index.php?rest_route=\/wp\/v2\/posts\/11576\/revisions"}],"wp:attachment":[{"href":"https:\/\/archive.sana.sy\/tr\/index.php?rest_route=%2Fwp%2Fv2%2Fmedia&parent=11576"}],"wp:term":[{"taxonomy":"category","embeddable":true,"href":"https:\/\/archive.sana.sy\/tr\/index.php?rest_route=%2Fwp%2Fv2%2Fcategories&post=11576"},{"taxonomy":"post_tag","embeddable":true,"href":"https:\/\/archive.sana.sy\/tr\/index.php?rest_route=%2Fwp%2Fv2%2Ftags&post=11576"}],"curies":[{"name":"wp","href":"https:\/\/api.w.org\/{rel}","templated":true}]}}