{"id":115865,"date":"2017-06-11T11:33:59","date_gmt":"2017-06-11T08:33:59","guid":{"rendered":"http:\/\/www.sana.sy\/tr\/?p=115865"},"modified":"2017-06-12T17:00:11","modified_gmt":"2017-06-12T14:00:11","slug":"resmi-ve-halk-kitleleri-kurucu-onderin-anitmezarina-akin-etti","status":"publish","type":"post","link":"https:\/\/archive.sana.sy\/tr\/?p=115865","title":{"rendered":"Resmi ve Halk Kitleleri Kurucu \u00d6nderin An\u0131tmezar\u0131na Ak\u0131n Etti"},"content":{"rendered":"<p>LAZK\u0130YE \u2013 Modern Suriye&#8217;nin kurucu \u00f6nderi Haf\u0131z el Esad\u2019\u0131n aram\u0131zdan ayr\u0131lmas\u0131n\u0131n 17. Y\u0131ld\u00f6n\u00fcm\u00fc m\u00fcnasebetiyle resmi, siyasi ve halk faaliyetleri d\u00fcn an\u0131tmezara ak\u0131n etti.<\/p>\n<p>\u00d6l\u00fcms\u00fcz \u00f6nderin Suriye ve halk\u0131na sa\u011flad\u0131\u011f\u0131 kazan\u0131mlar\u0131 haf\u0131zalara getiren heyetler, modern Suriye&#8217;nin kurucusuna vefa ve takdirlerini ifade ettiler.<\/p>\n<p>\u00d6te yandan Eski Gaziler ve Sava\u015f Kurbanlar\u0131 Cemiyeti bu m\u00fcnasebetle Lazkiye Kentindeki Subay Kul\u00fcb\u00fcnde bir miting d\u00fczenledi. Mitingde kurucu \u00f6nderin ilkelerine, ulusalc\u0131 tutumu ve lider \u00f6zelliklerinin yan\u0131 s\u0131ra Suriye ve halk\u0131na sa\u011flad\u0131\u011f\u0131 kazan\u0131mlara \u0131\u015f\u0131k tuttu.<\/p>\n<p>Kurucu \u00f6nderin \u00f6zellikle \u0130srail\u2019e kar\u015f\u0131 sa\u011flad\u0131\u011f\u0131 ekim zaferleri ve reformlar\u0131na dikkat \u00e7ekilen mitingde \u00f6l\u00fcms\u00fcz liderin ulusal ve milli davalardan yana ilkelerine dikkat \u00e7ekildi.<\/p>\n","protected":false},"excerpt":{"rendered":"<p>LAZK\u0130YE \u2013 Modern Suriye&#8217;nin kurucu \u00f6nderi Haf\u0131z el Esad\u2019\u0131n aram\u0131zdan ayr\u0131lmas\u0131n\u0131n 17. Y\u0131ld\u00f6n\u00fcm\u00fc m\u00fcnasebetiyle resmi, siyasi ve halk faaliyetleri d\u00fcn an\u0131tmezara ak\u0131n etti. \u00d6l\u00fcms\u00fcz \u00f6nderin Suriye ve halk\u0131na sa\u011flad\u0131\u011f\u0131 kazan\u0131mlar\u0131 haf\u0131zalara getiren heyetler, modern Suriye&#8217;nin kurucusuna vefa ve takdirlerini ifade ettiler. \u00d6te yandan Eski Gaziler ve Sava\u015f Kurbanlar\u0131 Cemiyeti bu m\u00fcnasebetle Lazkiye Kentindeki Subay Kul\u00fcb\u00fcnde &hellip;<\/p>\n","protected":false},"author":1,"featured_media":115875,"comment_status":"closed","ping_status":"closed","sticky":false,"template":"","format":"standard","meta":{"footnotes":""},"categories":[479,17988,478],"tags":[29865,21928,29869,20113,29868,17142,29864,29866,4026,16591,22181,29867],"class_list":["post-115865","post","type-post","status-publish","format-standard","has-post-thumbnail","","category-haberler-yerel","category-son-haberler","category-yerel","tag-anitkabir","tag-anitmezar","tag-anitmezar-ziyareti","tag-esad","tag-hafiz","tag-hafiz-esad","tag-kirdaha","tag-kurucu-onder","tag-lazkiye","tag-suriye","tag-suriyeliler","tag-suriyenin-kurucusu"],"_links":{"self":[{"href":"https:\/\/archive.sana.sy\/tr\/index.php?rest_route=\/wp\/v2\/posts\/115865","targetHints":{"allow":["GET"]}}],"collection":[{"href":"https:\/\/archive.sana.sy\/tr\/index.php?rest_route=\/wp\/v2\/posts"}],"about":[{"href":"https:\/\/archive.sana.sy\/tr\/index.php?rest_route=\/wp\/v2\/types\/post"}],"author":[{"embeddable":true,"href":"https:\/\/archive.sana.sy\/tr\/index.php?rest_route=\/wp\/v2\/users\/1"}],"replies":[{"embeddable":true,"href":"https:\/\/archive.sana.sy\/tr\/index.php?rest_route=%2Fwp%2Fv2%2Fcomments&post=115865"}],"version-history":[{"count":0,"href":"https:\/\/archive.sana.sy\/tr\/index.php?rest_route=\/wp\/v2\/posts\/115865\/revisions"}],"wp:featuredmedia":[{"embeddable":true,"href":"https:\/\/archive.sana.sy\/tr\/index.php?rest_route=\/wp\/v2\/media\/115875"}],"wp:attachment":[{"href":"https:\/\/archive.sana.sy\/tr\/index.php?rest_route=%2Fwp%2Fv2%2Fmedia&parent=115865"}],"wp:term":[{"taxonomy":"category","embeddable":true,"href":"https:\/\/archive.sana.sy\/tr\/index.php?rest_route=%2Fwp%2Fv2%2Fcategories&post=115865"},{"taxonomy":"post_tag","embeddable":true,"href":"https:\/\/archive.sana.sy\/tr\/index.php?rest_route=%2Fwp%2Fv2%2Ftags&post=115865"}],"curies":[{"name":"wp","href":"https:\/\/api.w.org\/{rel}","templated":true}]}}