{"id":115871,"date":"2017-06-11T12:00:23","date_gmt":"2017-06-11T09:00:23","guid":{"rendered":"http:\/\/www.sana.sy\/tr\/?p=115871"},"modified":"2017-06-11T13:19:06","modified_gmt":"2017-06-11T10:19:06","slug":"teroristlerin-buyuk-karargahi-bulundu-video","status":"publish","type":"post","link":"https:\/\/archive.sana.sy\/tr\/?p=115871","title":{"rendered":"Ter\u00f6ristlerin B\u00fcy\u00fck Karargah\u0131 Bulundu (video)"},"content":{"rendered":"<p>HOMS \u2013 Homs Kentinin bat\u0131 kenarlar\u0131nda silahlar\u0131n\u0131 telsim etmeyi reddeden ter\u00f6ristlerin \u0130dlib ve Halep k\u0131rsal\u0131na tahliye edilmeleri ard\u0131ndan \u00f6zel ve kamu m\u00fclklere yerle\u015ftirdikleri bubi tuzaklar\u0131n\u0131 etkisizle\u015ftirme operasyonlar\u0131n\u0131 s\u00fcrd\u00fcren g\u00fcvenlik birimleri ter\u00f6ristlerin semtten \u00e7\u0131kmadan \u00f6nce f\u00fcze, roket ve bomba d\u00fczenekleri imal ettikleri bir karargah bulundu.<\/p>\n<p>Daha \u00f6nce ter\u00f6r eylemleri nedeniyle semtten ka\u00e7an ahalinin g\u00fcvenli bir \u015fekilde evlerine d\u00f6nmelerini ama\u00e7layan arama tarama operasyonlar\u0131n\u0131n devam etti\u011fine dikkat \u00e7eken Homs Valili\u011finde bir kaynak SANA\u2019ya a\u00e7\u0131klamalar\u0131nda; g\u00fcvenlik birimlerinin patlay\u0131c\u0131 uzmanlar\u0131 ile i\u015fbirli\u011fi i\u00e7inde ter\u00f6ristlerin f\u00fcnye, \u015fiddetli etkiye sahip bomba d\u00fczenekleri, intihar kemerleri ve f\u00fcze imal ettikleri b\u00fcy\u00fck bir karargah\u0131n bulundu\u011funu a\u00e7\u0131klad\u0131.<\/p>\n<p>Karargahta kullan\u0131ma haz\u0131r muhtelif hacim ve \u015fekillerde f\u00fcze ve bomba d\u00fczenekleri ele ge\u00e7irildi\u011fine dikkat \u00e7eken kaynak, ayn\u0131 zamanda bunlar\u0131n yap\u0131m\u0131nda kullan\u0131lan ve bir k\u0131sm\u0131 y\u00fcksek etki ve hassasiyete sahip olan b\u00fcy\u00fck miktarda ve muhtelif t\u00fcrde madde ve gere\u00e7ler bulundu\u011funu s\u00f6zlerine ekledi.<\/p>\n<p>Kaynak arama tarama operasyonlar\u0131 s\u0131ras\u0131nda yerin alt\u0131 metre derinli\u011finde 70 metre uzunlu\u011funda kaz\u0131lan bir t\u00fcnelin bulundu\u011funa dikkat \u00e7ekerken, Hastane ve G\u00fcvenlik Merkezine kadar uzanan bu t\u00fcnelin ter\u00f6ristler taraf\u0131ndan y\u00fcksek binalar aras\u0131nda yer de\u011fi\u015ftirme ve keskin ni\u015fanc\u0131 silahlar\u0131yla vatanda\u015flar\u0131 hedef alma ama\u00e7l\u0131 kullan\u0131ld\u0131\u011f\u0131n\u0131n tespit edildi\u011fini aktard\u0131.<\/p>\n<p>Ter\u00f6ristlerin \u00e7\u0131kmadan \u00f6nce itlaf etmeye \u00e7al\u0131\u015ft\u0131klar\u0131 a\u011f\u0131r silah ve m\u00fchimmat\u0131n bulundu\u011funa dikkat \u00e7eken kaynak, Vaer Semtinde arama tarama operasyonlar\u0131n\u0131n devam etti\u011fini ifade etti.<\/p>\n<p>https:\/\/www.youtube.com\/watch?v=s-PkaVhdHxs<\/p>\n","protected":false},"excerpt":{"rendered":"<p>HOMS \u2013 Homs Kentinin bat\u0131 kenarlar\u0131nda silahlar\u0131n\u0131 telsim etmeyi reddeden ter\u00f6ristlerin \u0130dlib ve Halep k\u0131rsal\u0131na tahliye edilmeleri ard\u0131ndan \u00f6zel ve kamu m\u00fclklere yerle\u015ftirdikleri bubi tuzaklar\u0131n\u0131 etkisizle\u015ftirme operasyonlar\u0131n\u0131 s\u00fcrd\u00fcren g\u00fcvenlik birimleri ter\u00f6ristlerin semtten \u00e7\u0131kmadan \u00f6nce f\u00fcze, roket ve bomba d\u00fczenekleri imal ettikleri bir karargah bulundu. Daha \u00f6nce ter\u00f6r eylemleri nedeniyle semtten ka\u00e7an ahalinin g\u00fcvenli bir \u015fekilde &hellip;<\/p>\n","protected":false},"author":1,"featured_media":115872,"comment_status":"closed","ping_status":"closed","sticky":false,"template":"","format":"standard","meta":{"footnotes":""},"categories":[1],"tags":[29861,17816,18237,29862,1293,18347,29863,25846,16591,25447,11549,19043,19034,22181,29860,18258],"class_list":["post-115871","post","type-post","status-publish","format-standard","has-post-thumbnail","","category-news-not-sorted","tag-arama-tarama","tag-bomba-duzenegi","tag-cihatcilar","tag-fuze-imalati","tag-homs","tag-oso","tag-patlayici","tag-patlayici-uzmanlari","tag-suriye","tag-suriye-savasi","tag-suriye-ordusu","tag-suriyede-son-durum","tag-suriyeli-muhalifler","tag-suriyeliler","tag-teror-karargahi","tag-vaer-semti"],"_links":{"self":[{"href":"https:\/\/archive.sana.sy\/tr\/index.php?rest_route=\/wp\/v2\/posts\/115871","targetHints":{"allow":["GET"]}}],"collection":[{"href":"https:\/\/archive.sana.sy\/tr\/index.php?rest_route=\/wp\/v2\/posts"}],"about":[{"href":"https:\/\/archive.sana.sy\/tr\/index.php?rest_route=\/wp\/v2\/types\/post"}],"author":[{"embeddable":true,"href":"https:\/\/archive.sana.sy\/tr\/index.php?rest_route=\/wp\/v2\/users\/1"}],"replies":[{"embeddable":true,"href":"https:\/\/archive.sana.sy\/tr\/index.php?rest_route=%2Fwp%2Fv2%2Fcomments&post=115871"}],"version-history":[{"count":0,"href":"https:\/\/archive.sana.sy\/tr\/index.php?rest_route=\/wp\/v2\/posts\/115871\/revisions"}],"wp:featuredmedia":[{"embeddable":true,"href":"https:\/\/archive.sana.sy\/tr\/index.php?rest_route=\/wp\/v2\/media\/115872"}],"wp:attachment":[{"href":"https:\/\/archive.sana.sy\/tr\/index.php?rest_route=%2Fwp%2Fv2%2Fmedia&parent=115871"}],"wp:term":[{"taxonomy":"category","embeddable":true,"href":"https:\/\/archive.sana.sy\/tr\/index.php?rest_route=%2Fwp%2Fv2%2Fcategories&post=115871"},{"taxonomy":"post_tag","embeddable":true,"href":"https:\/\/archive.sana.sy\/tr\/index.php?rest_route=%2Fwp%2Fv2%2Ftags&post=115871"}],"curies":[{"name":"wp","href":"https:\/\/api.w.org\/{rel}","templated":true}]}}