{"id":115880,"date":"2017-06-11T11:10:13","date_gmt":"2017-06-11T08:10:13","guid":{"rendered":"http:\/\/www.sana.sy\/tr\/?p=115880"},"modified":"2017-06-12T17:10:16","modified_gmt":"2017-06-12T14:10:16","slug":"halep-valiligi-hizmet-kurumlari-iscilerine-iftar-yemegi-verdi","status":"publish","type":"post","link":"https:\/\/archive.sana.sy\/tr\/?p=115880","title":{"rendered":"Halep Valili\u011fi Hizmet Kurumlar\u0131 \u0130\u015f\u00e7ilerine \u0130ftar Yeme\u011fi Verdi"},"content":{"rendered":"<p>HALEP \u2013 Halep Valili\u011fi, \u00f6zverili \u00e7al\u0131\u015fmalar\u0131 ve hizmetsel \u00e7abalar\u0131na takdirin bir ifadesi olarak d\u00fcn ak\u015fam il elektrik, at\u0131k su ve su i\u015fleri m\u00fcd\u00fcrl\u00fckleri i\u015f\u00e7ilerine iftar yeme\u011fi verdi.<\/p>\n<p>\u0130ftar yeme\u011fine kat\u0131lan Halep Valisi H\u00fcseyin Diyab, t\u00fcm zor ko\u015fullar\u0131n \u00fcstesinden gelme ve vatanda\u015flar\u0131n su, elektrik ve di\u011fer temel gereksinimlerin temininde b\u00fcy\u00fck bir \u00f6zveri ile \u00e7al\u0131\u015fan i\u015f\u00e7ilere takdirin ulusal bir g\u00f6rev oldu\u011funu ifade etti. Vali Diyab g\u00f6revini sorumlulukla yerine getiren her i\u015f\u00e7inin takdiri hakketti\u011fini, valili\u011fin de bu ilkeden hareketle i\u015f\u00e7ilere deste\u011fini s\u00fcrd\u00fcrece\u011fini belirtti.<\/p>\n<p>\u0130ftar yeme\u011fine kat\u0131lan Baas Partisi \u0130l Ba\u015fkan\u0131 Faz\u0131l Neccar ise , vatanda\u015flar\u0131n temel gereksinimlerinin temininde gecelerini g\u00fcnd\u00fczlerine katan i\u015f\u00e7ilerin Suriye ve halk\u0131n\u0131 savunma m\u00fccadelesinin \u00f6nemli bir par\u00e7as\u0131n\u0131 te\u015fkil ettiklerine dikkat \u00e7ekti.<\/p>\n<div id='gallery-1' class='gallery galleryid-115880 gallery-columns-2 gallery-size-thumbnail'><figure class='gallery-item'>\n\t\t\t<div class='gallery-icon landscape'>\n\t\t\t\t<a href='https:\/\/archive.sana.sy\/tr\/wp-content\/uploads\/2017\/06\/2-34.jpg'><img loading=\"lazy\" decoding=\"async\" width=\"150\" height=\"100\" src=\"https:\/\/archive.sana.sy\/tr\/wp-content\/uploads\/2017\/06\/2-34-150x100.jpg\" class=\"attachment-thumbnail size-thumbnail\" alt=\"\" srcset=\"https:\/\/archive.sana.sy\/tr\/wp-content\/uploads\/2017\/06\/2-34-150x100.jpg 150w, https:\/\/archive.sana.sy\/tr\/wp-content\/uploads\/2017\/06\/2-34-300x200.jpg 300w, https:\/\/archive.sana.sy\/tr\/wp-content\/uploads\/2017\/06\/2-34-768x512.jpg 768w, https:\/\/archive.sana.sy\/tr\/wp-content\/uploads\/2017\/06\/2-34-1024x683.jpg 1024w, https:\/\/archive.sana.sy\/tr\/wp-content\/uploads\/2017\/06\/2-34-310x205.jpg 310w, https:\/\/archive.sana.sy\/tr\/wp-content\/uploads\/2017\/06\/2-34.jpg 1800w\" sizes=\"auto, (max-width: 150px) 100vw, 150px\" \/><\/a>\n\t\t\t<\/div><\/figure><figure class='gallery-item'>\n\t\t\t<div class='gallery-icon landscape'>\n\t\t\t\t<a href='https:\/\/archive.sana.sy\/tr\/wp-content\/uploads\/2017\/06\/3-27.jpg'><img loading=\"lazy\" decoding=\"async\" width=\"150\" height=\"100\" src=\"https:\/\/archive.sana.sy\/tr\/wp-content\/uploads\/2017\/06\/3-27-150x100.jpg\" class=\"attachment-thumbnail size-thumbnail\" alt=\"\" srcset=\"https:\/\/archive.sana.sy\/tr\/wp-content\/uploads\/2017\/06\/3-27-150x100.jpg 150w, https:\/\/archive.sana.sy\/tr\/wp-content\/uploads\/2017\/06\/3-27-300x200.jpg 300w, https:\/\/archive.sana.sy\/tr\/wp-content\/uploads\/2017\/06\/3-27-768x512.jpg 768w, https:\/\/archive.sana.sy\/tr\/wp-content\/uploads\/2017\/06\/3-27-1024x682.jpg 1024w, https:\/\/archive.sana.sy\/tr\/wp-content\/uploads\/2017\/06\/3-27-310x205.jpg 310w, https:\/\/archive.sana.sy\/tr\/wp-content\/uploads\/2017\/06\/3-27.jpg 1660w\" sizes=\"auto, (max-width: 150px) 100vw, 150px\" \/><\/a>\n\t\t\t<\/div><\/figure>\n\t\t<\/div>\n\n","protected":false},"excerpt":{"rendered":"<p>HALEP \u2013 Halep Valili\u011fi, \u00f6zverili \u00e7al\u0131\u015fmalar\u0131 ve hizmetsel \u00e7abalar\u0131na takdirin bir ifadesi olarak d\u00fcn ak\u015fam il elektrik, at\u0131k su ve su i\u015fleri m\u00fcd\u00fcrl\u00fckleri i\u015f\u00e7ilerine iftar yeme\u011fi verdi. \u0130ftar yeme\u011fine kat\u0131lan Halep Valisi H\u00fcseyin Diyab, t\u00fcm zor ko\u015fullar\u0131n \u00fcstesinden gelme ve vatanda\u015flar\u0131n su, elektrik ve di\u011fer temel gereksinimlerin temininde b\u00fcy\u00fck bir \u00f6zveri ile \u00e7al\u0131\u015fan i\u015f\u00e7ilere takdirin &hellip;<\/p>\n","protected":false},"author":1,"featured_media":115884,"comment_status":"closed","ping_status":"closed","sticky":false,"template":"","format":"standard","meta":{"footnotes":""},"categories":[526,479,17988,525,478],"tags":[21336,1132,25671,21804,29877,29878,16591,22181,29876],"class_list":["post-115880","post","type-post","status-publish","format-standard","has-post-thumbnail","","category-haber-ve-raporlar","category-haberler-yerel","category-son-haberler","category-toplum","category-yerel","tag-baas-partisi","tag-halep","tag-huseyin-diyab","tag-iftar-yemegi","tag-iscilere-takdir","tag-ozverili-calisma","tag-suriye","tag-suriyeliler","tag-val"],"_links":{"self":[{"href":"https:\/\/archive.sana.sy\/tr\/index.php?rest_route=\/wp\/v2\/posts\/115880","targetHints":{"allow":["GET"]}}],"collection":[{"href":"https:\/\/archive.sana.sy\/tr\/index.php?rest_route=\/wp\/v2\/posts"}],"about":[{"href":"https:\/\/archive.sana.sy\/tr\/index.php?rest_route=\/wp\/v2\/types\/post"}],"author":[{"embeddable":true,"href":"https:\/\/archive.sana.sy\/tr\/index.php?rest_route=\/wp\/v2\/users\/1"}],"replies":[{"embeddable":true,"href":"https:\/\/archive.sana.sy\/tr\/index.php?rest_route=%2Fwp%2Fv2%2Fcomments&post=115880"}],"version-history":[{"count":0,"href":"https:\/\/archive.sana.sy\/tr\/index.php?rest_route=\/wp\/v2\/posts\/115880\/revisions"}],"wp:featuredmedia":[{"embeddable":true,"href":"https:\/\/archive.sana.sy\/tr\/index.php?rest_route=\/wp\/v2\/media\/115884"}],"wp:attachment":[{"href":"https:\/\/archive.sana.sy\/tr\/index.php?rest_route=%2Fwp%2Fv2%2Fmedia&parent=115880"}],"wp:term":[{"taxonomy":"category","embeddable":true,"href":"https:\/\/archive.sana.sy\/tr\/index.php?rest_route=%2Fwp%2Fv2%2Fcategories&post=115880"},{"taxonomy":"post_tag","embeddable":true,"href":"https:\/\/archive.sana.sy\/tr\/index.php?rest_route=%2Fwp%2Fv2%2Ftags&post=115880"}],"curies":[{"name":"wp","href":"https:\/\/api.w.org\/{rel}","templated":true}]}}