{"id":11589,"date":"2014-09-28T23:00:02","date_gmt":"2014-09-28T20:00:02","guid":{"rendered":"http:\/\/www.sana.sy\/tr\/?p=11589"},"modified":"2014-09-29T16:44:12","modified_gmt":"2014-09-29T13:44:12","slug":"baas-partisi-500-sehit-ailesini-odullendirdi","status":"publish","type":"post","link":"https:\/\/archive.sana.sy\/tr\/?p=11589","title":{"rendered":"Baas Partisi 500 \u015eehit Ailesini \u00d6d\u00fcllendirdi"},"content":{"rendered":"<p>LAZK\u0130YE \u2013Arap Sosyalist Baas Partisi Lazkiye \u015eubesi bug\u00fcn 500 \u015fehit ailesini kutlad\u0131.<\/p>\n<p>Baas Partisi Ulusal Y\u00f6netim Genel Sekreter Yard\u0131mc\u0131s\u0131 Hilal el Hilal Suriye\u2019nin halk, \u00f6nderlik ve ordusunun i\u00e7selle\u015fmesiyle zaferi kazanaca\u011f\u0131n\u0131 beyan etti.<\/p>\n<p>Hilal, kahramanlar\u0131 \u00fcrettikleri ve i\u00e7lerinde vatan sevgisini, \u00f6zveri ve gurur de\u011ferlerini a\u015f\u0131lad\u0131klar\u0131 i\u00e7in \u015fehit ailelerine takdir ve iltifatlar\u0131n\u0131 g\u00f6nderdi.<\/p>\n<p>\u015eehit aileleri, vatan\u0131n onurlu, izzetli ve ba\u011f\u0131ms\u0131z duru\u015fu i\u00e7in daha fazla \u015fehit vermeye haz\u0131r olduklar\u0131n\u0131 belirttiler.<\/p>\n<div id='gallery-1' class='gallery galleryid-11589 gallery-columns-2 gallery-size-thumbnail'><figure class='gallery-item'>\n\t\t\t<div class='gallery-icon landscape'>\n\t\t\t\t<a href='https:\/\/archive.sana.sy\/tr\/wp-content\/uploads\/2014\/09\/Lazkiye-2.jpg'><img loading=\"lazy\" decoding=\"async\" width=\"150\" height=\"79\" src=\"https:\/\/archive.sana.sy\/tr\/wp-content\/uploads\/2014\/09\/Lazkiye-2-150x79.jpg\" class=\"attachment-thumbnail size-thumbnail\" alt=\"\" srcset=\"https:\/\/archive.sana.sy\/tr\/wp-content\/uploads\/2014\/09\/Lazkiye-2-150x79.jpg 150w, https:\/\/archive.sana.sy\/tr\/wp-content\/uploads\/2014\/09\/Lazkiye-2-300x160.jpg 300w, https:\/\/archive.sana.sy\/tr\/wp-content\/uploads\/2014\/09\/Lazkiye-2.jpg 620w\" sizes=\"auto, (max-width: 150px) 100vw, 150px\" \/><\/a>\n\t\t\t<\/div><\/figure><figure class='gallery-item'>\n\t\t\t<div class='gallery-icon landscape'>\n\t\t\t\t<a href='https:\/\/archive.sana.sy\/tr\/wp-content\/uploads\/2014\/09\/Lazkiye-31.jpg'><img loading=\"lazy\" decoding=\"async\" width=\"150\" height=\"79\" src=\"https:\/\/archive.sana.sy\/tr\/wp-content\/uploads\/2014\/09\/Lazkiye-31-150x79.jpg\" class=\"attachment-thumbnail size-thumbnail\" alt=\"\" srcset=\"https:\/\/archive.sana.sy\/tr\/wp-content\/uploads\/2014\/09\/Lazkiye-31-150x79.jpg 150w, https:\/\/archive.sana.sy\/tr\/wp-content\/uploads\/2014\/09\/Lazkiye-31-300x160.jpg 300w, https:\/\/archive.sana.sy\/tr\/wp-content\/uploads\/2014\/09\/Lazkiye-31.jpg 620w\" sizes=\"auto, (max-width: 150px) 100vw, 150px\" \/><\/a>\n\t\t\t<\/div><\/figure>\n\t\t<\/div>\n\n","protected":false},"excerpt":{"rendered":"<p>LAZK\u0130YE \u2013Arap Sosyalist Baas Partisi Lazkiye \u015eubesi bug\u00fcn 500 \u015fehit ailesini kutlad\u0131. Baas Partisi Ulusal Y\u00f6netim Genel Sekreter Yard\u0131mc\u0131s\u0131 Hilal el Hilal Suriye\u2019nin halk, \u00f6nderlik ve ordusunun i\u00e7selle\u015fmesiyle zaferi kazanaca\u011f\u0131n\u0131 beyan etti. Hilal, kahramanlar\u0131 \u00fcrettikleri ve i\u00e7lerinde vatan sevgisini, \u00f6zveri ve gurur de\u011ferlerini a\u015f\u0131lad\u0131klar\u0131 i\u00e7in \u015fehit ailelerine takdir ve iltifatlar\u0131n\u0131 g\u00f6nderdi. \u015eehit aileleri, vatan\u0131n onurlu, &hellip;<\/p>\n","protected":false},"author":1,"featured_media":11612,"comment_status":"closed","ping_status":"closed","sticky":false,"template":"","format":"standard","meta":{"footnotes":""},"categories":[479,478],"tags":[2825],"class_list":["post-11589","post","type-post","status-publish","format-standard","has-post-thumbnail","","category-haberler-yerel","category-yerel","tag-baas-partisi-500-sehit-ailesini-odullendirdi"],"_links":{"self":[{"href":"https:\/\/archive.sana.sy\/tr\/index.php?rest_route=\/wp\/v2\/posts\/11589","targetHints":{"allow":["GET"]}}],"collection":[{"href":"https:\/\/archive.sana.sy\/tr\/index.php?rest_route=\/wp\/v2\/posts"}],"about":[{"href":"https:\/\/archive.sana.sy\/tr\/index.php?rest_route=\/wp\/v2\/types\/post"}],"author":[{"embeddable":true,"href":"https:\/\/archive.sana.sy\/tr\/index.php?rest_route=\/wp\/v2\/users\/1"}],"replies":[{"embeddable":true,"href":"https:\/\/archive.sana.sy\/tr\/index.php?rest_route=%2Fwp%2Fv2%2Fcomments&post=11589"}],"version-history":[{"count":0,"href":"https:\/\/archive.sana.sy\/tr\/index.php?rest_route=\/wp\/v2\/posts\/11589\/revisions"}],"wp:featuredmedia":[{"embeddable":true,"href":"https:\/\/archive.sana.sy\/tr\/index.php?rest_route=\/wp\/v2\/media\/11612"}],"wp:attachment":[{"href":"https:\/\/archive.sana.sy\/tr\/index.php?rest_route=%2Fwp%2Fv2%2Fmedia&parent=11589"}],"wp:term":[{"taxonomy":"category","embeddable":true,"href":"https:\/\/archive.sana.sy\/tr\/index.php?rest_route=%2Fwp%2Fv2%2Fcategories&post=11589"},{"taxonomy":"post_tag","embeddable":true,"href":"https:\/\/archive.sana.sy\/tr\/index.php?rest_route=%2Fwp%2Fv2%2Ftags&post=11589"}],"curies":[{"name":"wp","href":"https:\/\/api.w.org\/{rel}","templated":true}]}}