{"id":115893,"date":"2017-06-11T13:00:05","date_gmt":"2017-06-11T10:00:05","guid":{"rendered":"http:\/\/www.sana.sy\/tr\/?p=115893"},"modified":"2017-06-12T16:59:36","modified_gmt":"2017-06-12T13:59:36","slug":"suriyenin-medeniyetlerine-ve-sembollerine-isik-tutuyor","status":"publish","type":"post","link":"https:\/\/archive.sana.sy\/tr\/?p=115893","title":{"rendered":"Suriye&#8217;nin Medeniyetlerine ve Sembollerine I\u015f\u0131k Tutuyor"},"content":{"rendered":"<p>LAZK\u0130YE \u2013 Lazkiye Kentinin giri\u015finde d\u00fcn Suriye&#8217;nin medeniyetlerine, tarihine ve ulusal sembollerine \u0131\u015f\u0131k tutan panoraman\u0131n a\u00e7\u0131l\u0131\u015f\u0131 yap\u0131ld\u0131.<\/p>\n<p><a href=\"http:\/\/www.sana.sy\/tr\/wp-content\/uploads\/2017\/06\/1-47.jpg\"><img loading=\"lazy\" decoding=\"async\" class=\"alignright wp-image-115889 size-medium\" src=\"http:\/\/www.sana.sy\/tr\/wp-content\/uploads\/2017\/06\/1-47-300x199.jpg\" alt=\"\" width=\"300\" height=\"199\" srcset=\"https:\/\/archive.sana.sy\/tr\/wp-content\/uploads\/2017\/06\/1-47-300x199.jpg 300w, https:\/\/archive.sana.sy\/tr\/wp-content\/uploads\/2017\/06\/1-47-150x99.jpg 150w, https:\/\/archive.sana.sy\/tr\/wp-content\/uploads\/2017\/06\/1-47-768x509.jpg 768w, https:\/\/archive.sana.sy\/tr\/wp-content\/uploads\/2017\/06\/1-47-1024x678.jpg 1024w, https:\/\/archive.sana.sy\/tr\/wp-content\/uploads\/2017\/06\/1-47-310x205.jpg 310w\" sizes=\"auto, (max-width: 300px) 100vw, 300px\" \/><\/a>Cumhurba\u015fkan\u0131 Be\u015f\u015far el Esad\u2019\u0131n \u00fc\u00e7 boyutlu b\u00fcy\u00fck bir posterinin ortas\u0131nda yer ald\u0131\u011f\u0131 panoraman\u0131n a\u00e7\u0131l\u0131\u015f\u0131na kat\u0131lan Lazkiye Valisi \u0130brahim H\u0131z\u0131r el Salim bas\u0131na yapt\u0131\u011f\u0131 a\u00e7\u0131klamada; panoraman\u0131n vatan ve lideri ile birlikte Suriye&#8217;yi ifade etti\u011fine dikkat \u00e7ekti.<\/p>\n<p>Vali Salim; Lazkiye \u0130linin alt\u0131 y\u0131ldan fazla s\u00fcredir Suriye ve halk\u0131na y\u00f6nelik sava\u015f esnas\u0131nda yurdun istisnas\u0131z t\u00fcm illerinden ve b\u00f6lgelerinden ter\u00f6r ma\u011fdurlar\u0131n\u0131 kar\u015f\u0131lay\u0131p onlar\u0131 sorumlulukla a\u011f\u0131rlad\u0131\u011f\u0131n\u0131 ifade etti.<\/p>\n<p>Baas Partisi Lazkiye \u0130l Ba\u015fkan\u0131 Muhammed \u015ereytah ise panoraman\u0131n Suriye&#8217;nin asil ve zengin medeniyetlerinin yan\u0131 s\u0131ra ulusal semboller haline gelen \u015fahsiyetlere \u0131\u015f\u0131k tuttu\u011funu kaydetti.<\/p>\n","protected":false},"excerpt":{"rendered":"<p>LAZK\u0130YE \u2013 Lazkiye Kentinin giri\u015finde d\u00fcn Suriye&#8217;nin medeniyetlerine, tarihine ve ulusal sembollerine \u0131\u015f\u0131k tutan panoraman\u0131n a\u00e7\u0131l\u0131\u015f\u0131 yap\u0131ld\u0131. Cumhurba\u015fkan\u0131 Be\u015f\u015far el Esad\u2019\u0131n \u00fc\u00e7 boyutlu b\u00fcy\u00fck bir posterinin ortas\u0131nda yer ald\u0131\u011f\u0131 panoraman\u0131n a\u00e7\u0131l\u0131\u015f\u0131na kat\u0131lan Lazkiye Valisi \u0130brahim H\u0131z\u0131r el Salim bas\u0131na yapt\u0131\u011f\u0131 a\u00e7\u0131klamada; panoraman\u0131n vatan ve lideri ile birlikte Suriye&#8217;yi ifade etti\u011fine dikkat \u00e7ekti. Vali Salim; Lazkiye &hellip;<\/p>\n","protected":false},"author":1,"featured_media":115891,"comment_status":"closed","ping_status":"closed","sticky":false,"template":"","format":"standard","meta":{"footnotes":""},"categories":[479,17988,478],"tags":[29880,29879,4026,24994],"class_list":["post-115893","post","type-post","status-publish","format-standard","has-post-thumbnail","","category-haberler-yerel","category-son-haberler","category-yerel","tag-baas-partisi-lazkiye-il-baskani-muhammed-sreytah","tag-cumhurbaskani-bessar-el-esadin-uc-boyutlu-buyuk-bir-posterinin","tag-lazkiye","tag-lazkiye-valisi-ibrahim-hizir-el-salim"],"_links":{"self":[{"href":"https:\/\/archive.sana.sy\/tr\/index.php?rest_route=\/wp\/v2\/posts\/115893","targetHints":{"allow":["GET"]}}],"collection":[{"href":"https:\/\/archive.sana.sy\/tr\/index.php?rest_route=\/wp\/v2\/posts"}],"about":[{"href":"https:\/\/archive.sana.sy\/tr\/index.php?rest_route=\/wp\/v2\/types\/post"}],"author":[{"embeddable":true,"href":"https:\/\/archive.sana.sy\/tr\/index.php?rest_route=\/wp\/v2\/users\/1"}],"replies":[{"embeddable":true,"href":"https:\/\/archive.sana.sy\/tr\/index.php?rest_route=%2Fwp%2Fv2%2Fcomments&post=115893"}],"version-history":[{"count":0,"href":"https:\/\/archive.sana.sy\/tr\/index.php?rest_route=\/wp\/v2\/posts\/115893\/revisions"}],"wp:featuredmedia":[{"embeddable":true,"href":"https:\/\/archive.sana.sy\/tr\/index.php?rest_route=\/wp\/v2\/media\/115891"}],"wp:attachment":[{"href":"https:\/\/archive.sana.sy\/tr\/index.php?rest_route=%2Fwp%2Fv2%2Fmedia&parent=115893"}],"wp:term":[{"taxonomy":"category","embeddable":true,"href":"https:\/\/archive.sana.sy\/tr\/index.php?rest_route=%2Fwp%2Fv2%2Fcategories&post=115893"},{"taxonomy":"post_tag","embeddable":true,"href":"https:\/\/archive.sana.sy\/tr\/index.php?rest_route=%2Fwp%2Fv2%2Ftags&post=115893"}],"curies":[{"name":"wp","href":"https:\/\/api.w.org\/{rel}","templated":true}]}}