{"id":115894,"date":"2017-06-11T12:45:08","date_gmt":"2017-06-11T09:45:08","guid":{"rendered":"http:\/\/www.sana.sy\/tr\/?p=115894"},"modified":"2017-06-12T16:59:41","modified_gmt":"2017-06-12T13:59:41","slug":"katar-teroristleri-turkiye-uzerinden-suriye-ve-iraka-tasiyor","status":"publish","type":"post","link":"https:\/\/archive.sana.sy\/tr\/?p=115894","title":{"rendered":"Katar Ter\u00f6ristleri T\u00fcrkiye \u00dczerinden Suriye ve Irak\u2019a Ta\u015f\u0131yor"},"content":{"rendered":"<p>BA\u011eDAT \u2013 Katar \u015eeyhli\u011finin Libya&#8217;n\u0131n ba\u015fkenti Trablus B\u00fcy\u00fckel\u00e7ili\u011finden \u00e7\u0131kan gizli bir belgede k\u00f6rfez \u00fclkelerinden Katar \u015eeyhli\u011finin muhtelif Arap ve Afrika \u00fclkelerinden 1800 ter\u00f6risti e\u011fitip donatmas\u0131 ard\u0131ndan Irak\u2019ta radikal ter\u00f6r \u00f6rg\u00fctleri saflar\u0131na g\u00f6nderdi\u011fi ortaya \u00e7\u0131kt\u0131.<\/p>\n<p>Irakl\u0131 alsumaria new web haber sitesinin aktard\u0131\u011f\u0131 haberde; Libya&#8217;da Libya ulusal ordu s\u00f6zc\u00fcs\u00fc Ahmet el Mismari\u2019nin yapt\u0131\u011f\u0131 televizyon a\u00e7\u0131klamalar\u0131nda orduya tabi g\u00fcvenlik g\u00fc\u00e7lerinin s\u00f6z konusu belgeyi ele ge\u00e7irmeyi ba\u015fard\u0131klar\u0131n\u0131 ifade etti.<\/p>\n<p>Mismari a\u00e7\u0131klamalar\u0131nda; s\u00f6z konusu belgenin, Katar \u015eeyhli\u011finin radikal ter\u00f6r \u00f6rg\u00fctlere deste\u011fini net bir \u015fekilde kan\u0131tlad\u0131\u011f\u0131na vurgu yapt\u0131.<\/p>\n<p>Mismari belgenin; Katar\u2019\u0131n Trablus B\u00fcy\u00fckel\u00e7ili\u011finin Libya&#8217;n\u0131n Zentan, Bingazi, Zaviye ve Mesrata b\u00f6lgelerinde mevcut ter\u00f6r kamplar\u0131nda e\u011fitimlerini tamamlayan 1800 ter\u00f6ristin deniz limanlar\u0131 arac\u0131l\u0131\u011f\u0131 ile T\u00fcrkiye \u00fczerinden Irak\u2019a aktar\u0131lmalar\u0131 g\u00f6revini \u00fcstlenmesini \u00f6ng\u00f6rd\u00fc\u011f\u00fcne dikkat \u00e7ekti.<\/p>\n<p>Di\u011fer yandan Libyal\u0131 g\u00fcvenlik kaynaklar\u0131; Libya&#8217;da bariz ter\u00f6r eleba\u015flar\u0131ndan biri olan ve T\u00fcrkiye ve Katar rejimleri ile s\u0131k\u0131 ba\u011flant\u0131lar\u0131 bulunan Abd\u00fclhekim Belhac\u2019\u0131n 2015 y\u0131l\u0131ndan bu yana T\u00fcrkiye \u00fczerinden Suriye ve Irak\u2019a 3 binden fazla ter\u00f6risti aktard\u0131\u011f\u0131na vurgu yapt\u0131.<\/p>\n<p>Kaynaklar Belhac\u2019\u0131n \u2018Ecnihatullibiye\u2019 (Libyal\u0131 Kanatlar) ad\u0131 alt\u0131nda \u00f6zel bir havayolu \u015firketi kurdu\u011funa dikkat \u00e7ekerken, 2015 Eyl\u00fcl ay\u0131ndan bu yana her hafta Libya ile \u0130stanbul aras\u0131nda 3 u\u00e7ak seferi d\u00fczenledi\u011fini kaydetti.<\/p>\n","protected":false},"excerpt":{"rendered":"<p>BA\u011eDAT \u2013 Katar \u015eeyhli\u011finin Libya&#8217;n\u0131n ba\u015fkenti Trablus B\u00fcy\u00fckel\u00e7ili\u011finden \u00e7\u0131kan gizli bir belgede k\u00f6rfez \u00fclkelerinden Katar \u015eeyhli\u011finin muhtelif Arap ve Afrika \u00fclkelerinden 1800 ter\u00f6risti e\u011fitip donatmas\u0131 ard\u0131ndan Irak\u2019ta radikal ter\u00f6r \u00f6rg\u00fctleri saflar\u0131na g\u00f6nderdi\u011fi ortaya \u00e7\u0131kt\u0131. Irakl\u0131 alsumaria new web haber sitesinin aktard\u0131\u011f\u0131 haberde; Libya&#8217;da Libya ulusal ordu s\u00f6zc\u00fcs\u00fc Ahmet el Mismari\u2019nin yapt\u0131\u011f\u0131 televizyon a\u00e7\u0131klamalar\u0131nda orduya tabi &hellip;<\/p>\n","protected":false},"author":1,"featured_media":115901,"comment_status":"closed","ping_status":"closed","sticky":false,"template":"","format":"standard","meta":{"footnotes":""},"categories":[556,559,17988,2554,2555],"tags":[29889,29890,29891,29888,787,29892,7657,3039],"class_list":["post-115894","post","type-post","status-publish","format-standard","has-post-thumbnail","","category-basin","category-dunya-basini","category-son-haberler","category-suriye-ve-dunya","category-suriye-ve-turkiye","tag-1800-teroristi","tag-arap-ve-afrika-ulkeleri","tag-irakta","tag-katar-seyhliginin-libyanin-baskenti-trablus-buyukelciliginden","tag-libya","tag-new-web","tag-teror-orgutleri","tag-turkiye"],"_links":{"self":[{"href":"https:\/\/archive.sana.sy\/tr\/index.php?rest_route=\/wp\/v2\/posts\/115894","targetHints":{"allow":["GET"]}}],"collection":[{"href":"https:\/\/archive.sana.sy\/tr\/index.php?rest_route=\/wp\/v2\/posts"}],"about":[{"href":"https:\/\/archive.sana.sy\/tr\/index.php?rest_route=\/wp\/v2\/types\/post"}],"author":[{"embeddable":true,"href":"https:\/\/archive.sana.sy\/tr\/index.php?rest_route=\/wp\/v2\/users\/1"}],"replies":[{"embeddable":true,"href":"https:\/\/archive.sana.sy\/tr\/index.php?rest_route=%2Fwp%2Fv2%2Fcomments&post=115894"}],"version-history":[{"count":0,"href":"https:\/\/archive.sana.sy\/tr\/index.php?rest_route=\/wp\/v2\/posts\/115894\/revisions"}],"wp:featuredmedia":[{"embeddable":true,"href":"https:\/\/archive.sana.sy\/tr\/index.php?rest_route=\/wp\/v2\/media\/115901"}],"wp:attachment":[{"href":"https:\/\/archive.sana.sy\/tr\/index.php?rest_route=%2Fwp%2Fv2%2Fmedia&parent=115894"}],"wp:term":[{"taxonomy":"category","embeddable":true,"href":"https:\/\/archive.sana.sy\/tr\/index.php?rest_route=%2Fwp%2Fv2%2Fcategories&post=115894"},{"taxonomy":"post_tag","embeddable":true,"href":"https:\/\/archive.sana.sy\/tr\/index.php?rest_route=%2Fwp%2Fv2%2Ftags&post=115894"}],"curies":[{"name":"wp","href":"https:\/\/api.w.org\/{rel}","templated":true}]}}