{"id":115900,"date":"2017-06-11T12:35:16","date_gmt":"2017-06-11T09:35:16","guid":{"rendered":"http:\/\/www.sana.sy\/tr\/?p=115900"},"modified":"2017-06-12T16:59:41","modified_gmt":"2017-06-12T13:59:41","slug":"tenf-sinir-kapisi-yakinlarinda-5-kisiyi-oldurdugunu-ilan-etti","status":"publish","type":"post","link":"https:\/\/archive.sana.sy\/tr\/?p=115900","title":{"rendered":"Tenf S\u0131n\u0131r Kap\u0131s\u0131 Yak\u0131nlar\u0131nda 5 Ki\u015fiyi \u00d6ld\u00fcrd\u00fc\u011f\u00fcn\u00fc \u0130lan Etti"},"content":{"rendered":"<p>AMMAN \u2013 T\u00fcrkiye ve Suudi Arabistan rejimleriyle birlikte topraklar\u0131nda ter\u00f6r e\u011fitim kamplar\u0131 a\u00e7an ve Suriye&#8217;de radikal ter\u00f6re her t\u00fcrl\u00fc deste\u011fi temin eden \u00dcrd\u00fcn, son 72 saat i\u00e7inde Suriye&#8217;nin Badiye B\u00f6lgesine a\u00e7\u0131lan Tenf S\u0131n\u0131r kap\u0131s\u0131 yak\u0131nlar\u0131nda \u00dcrd\u00fcn topraklar\u0131na yakla\u015fmaya \u00e7al\u0131\u015fan 9 araca kar\u015f\u0131 konuldu\u011funu ilan etti.<\/p>\n<p>\u00dcrd\u00fcnl\u00fc askeri bir yetkili yapt\u0131\u011f\u0131 bas\u0131n a\u00e7\u0131klamalar\u0131nda, \u00dcrd\u00fcnl\u00fc s\u0131n\u0131r muhaf\u0131zlar\u0131n\u0131n Tenf yak\u0131nlar\u0131nda s\u0131n\u0131ra yakla\u015fan 9 araca ate\u015f a\u00e7t\u0131klar\u0131n\u0131 ifade ederken, bunun sonucunda 5 ki\u015finin \u00f6ld\u00fcr\u00fcld\u00fc\u011f\u00fcn\u00fc, bir ara\u00e7 ve bir motosikletin de imha edildi\u011fini s\u00f6yledi.<\/p>\n<p>Bu arada \u00dcrd\u00fcn\u2019\u00fcn kuzeyi Rekban Kamp\u0131 yak\u0131nlar\u0131nda bu ay\u0131n ba\u015flar\u0131nda ya\u015fanan \u00e7at\u0131\u015fmada \u00dcrd\u00fcnl\u00fc bir askerin yan\u0131 s\u0131ra 3 silahl\u0131 \u00f6lm\u00fc\u015flerdi.<\/p>\n<p>Muhtelif istihbarat ve medya raporlar\u0131 \u00dcrd\u00fcn ve T\u00fcrkiye\u2019nin \u00dcrd\u00fcn topraklar\u0131 \u00fczerinde Suudi Arabistan\u2019\u0131n sa\u011flad\u0131\u011f\u0131 finans ve ABD istihbarat cihaz\u0131n\u0131n e\u011fitim ve denetiminde ter\u00f6ristlere e\u011fitim kamplar\u0131 a\u00e7t\u0131klar\u0131n\u0131, e\u011fitilip donat\u0131lmalar\u0131 ard\u0131ndan Suriye&#8217;ye g\u00f6nderme faaliyetlerinde bulunduklar\u0131n\u0131 kan\u0131tl\u0131yor. Raporlarda s\u00f6z konusu devletlerin d\u00fcnyan\u0131n muhtelif devletlerinden ter\u00f6ristleri ve az\u0131l\u0131 katilleri toplay\u0131p Suriye&#8217;de radikal ve hain ter\u00f6r \u00f6rg\u00fctleri saflar\u0131na g\u00f6nderdikleri ifade ediliyor.<\/p>\n","protected":false},"excerpt":{"rendered":"<p>AMMAN \u2013 T\u00fcrkiye ve Suudi Arabistan rejimleriyle birlikte topraklar\u0131nda ter\u00f6r e\u011fitim kamplar\u0131 a\u00e7an ve Suriye&#8217;de radikal ter\u00f6re her t\u00fcrl\u00fc deste\u011fi temin eden \u00dcrd\u00fcn, son 72 saat i\u00e7inde Suriye&#8217;nin Badiye B\u00f6lgesine a\u00e7\u0131lan Tenf S\u0131n\u0131r kap\u0131s\u0131 yak\u0131nlar\u0131nda \u00dcrd\u00fcn topraklar\u0131na yakla\u015fmaya \u00e7al\u0131\u015fan 9 araca kar\u015f\u0131 konuldu\u011funu ilan etti. \u00dcrd\u00fcnl\u00fc askeri bir yetkili yapt\u0131\u011f\u0131 bas\u0131n a\u00e7\u0131klamalar\u0131nda, \u00dcrd\u00fcnl\u00fc s\u0131n\u0131r muhaf\u0131zlar\u0131n\u0131n &hellip;<\/p>\n","protected":false},"author":1,"featured_media":115903,"comment_status":"closed","ping_status":"closed","sticky":false,"template":"","format":"standard","meta":{"footnotes":""},"categories":[458,459,17988],"tags":[29895,29897,29899,12707,29898,29893,29896,29894],"class_list":["post-115900","post","type-post","status-publish","format-standard","has-post-thumbnail","","category-dunya1","category-haberler-arap-uluslararasi-politika","category-son-haberler","tag-5-kisinin-olduruldu","tag-istihbarat-cihazinin","tag-radikal-ve-hain-teror-orgutleri","tag-suriyede","tag-teroristlere","tag-turkiye-ve-suudi-arabistan-r","tag-urdunun-kuzeyi-rekban-kampi","tag-urdunlu-sinir"],"_links":{"self":[{"href":"https:\/\/archive.sana.sy\/tr\/index.php?rest_route=\/wp\/v2\/posts\/115900","targetHints":{"allow":["GET"]}}],"collection":[{"href":"https:\/\/archive.sana.sy\/tr\/index.php?rest_route=\/wp\/v2\/posts"}],"about":[{"href":"https:\/\/archive.sana.sy\/tr\/index.php?rest_route=\/wp\/v2\/types\/post"}],"author":[{"embeddable":true,"href":"https:\/\/archive.sana.sy\/tr\/index.php?rest_route=\/wp\/v2\/users\/1"}],"replies":[{"embeddable":true,"href":"https:\/\/archive.sana.sy\/tr\/index.php?rest_route=%2Fwp%2Fv2%2Fcomments&post=115900"}],"version-history":[{"count":0,"href":"https:\/\/archive.sana.sy\/tr\/index.php?rest_route=\/wp\/v2\/posts\/115900\/revisions"}],"wp:featuredmedia":[{"embeddable":true,"href":"https:\/\/archive.sana.sy\/tr\/index.php?rest_route=\/wp\/v2\/media\/115903"}],"wp:attachment":[{"href":"https:\/\/archive.sana.sy\/tr\/index.php?rest_route=%2Fwp%2Fv2%2Fmedia&parent=115900"}],"wp:term":[{"taxonomy":"category","embeddable":true,"href":"https:\/\/archive.sana.sy\/tr\/index.php?rest_route=%2Fwp%2Fv2%2Fcategories&post=115900"},{"taxonomy":"post_tag","embeddable":true,"href":"https:\/\/archive.sana.sy\/tr\/index.php?rest_route=%2Fwp%2Fv2%2Ftags&post=115900"}],"curies":[{"name":"wp","href":"https:\/\/api.w.org\/{rel}","templated":true}]}}