{"id":116095,"date":"2017-06-13T11:20:49","date_gmt":"2017-06-13T08:20:49","guid":{"rendered":"http:\/\/www.sana.sy\/tr\/?p=116095"},"modified":"2017-06-14T15:13:10","modified_gmt":"2017-06-14T12:13:10","slug":"cocuklar-tesvik-amacli-odullendirildiler","status":"publish","type":"post","link":"https:\/\/archive.sana.sy\/tr\/?p=116095","title":{"rendered":"\u00c7ocuklar Te\u015fvik Ama\u00e7l\u0131 \u00d6d\u00fcllendirildiler"},"content":{"rendered":"<p>HOMS \u2013 Baas \u00d6nc\u00fcleri Birli\u011fi Homs \u0130l \u015eubesi d\u00fcn, \u00e7ocuklar\u0131 e\u011fitime te\u015fvik etme ama\u00e7l\u0131 olarak \u0130lk\u00f6\u011fretim okullar\u0131n\u0131n 4-5-6 s\u0131n\u0131flar\u0131nda il genelinde ba\u015far\u0131 kaydeden 139 \u00e7ocu\u011fa \u00f6d\u00fcl t\u00f6reni d\u00fczenledi.<\/p>\n<p>T\u00f6rene kat\u0131lan Homs Valisi Talal el Berazi; k\u00fclt\u00fcrl, bilimsel ve sanatsal alanlarda \u00fcst\u00fcn ba\u015far\u0131 kaydeden bu \u00e7ocuklar\u0131n, Suriye&#8217;de durumlar\u0131n iyiye gitti\u011fini ve Suriye&#8217;nin eskisinden daha iyi olaca\u011f\u0131n\u0131n bir i\u015fareti oldu\u011funu s\u00f6yledi.<\/p>\n<p>T\u00f6rende \u00e7ocuklar muhtelif sanatsal sunumlar takdim ederlerken, Suriye halk\u0131na deste\u011finden dolay\u0131 Rusya&#8217;ya te\u015fekk\u00fcr ama\u00e7l\u0131 folklor oyunlar\u0131 sundular.<\/p>\n<div id='gallery-1' class='gallery galleryid-116095 gallery-columns-2 gallery-size-thumbnail'><figure class='gallery-item'>\n\t\t\t<div class='gallery-icon landscape'>\n\t\t\t\t<a href='https:\/\/archive.sana.sy\/tr\/wp-content\/uploads\/2017\/06\/2-45.jpg'><img loading=\"lazy\" decoding=\"async\" width=\"150\" height=\"84\" src=\"https:\/\/archive.sana.sy\/tr\/wp-content\/uploads\/2017\/06\/2-45-150x84.jpg\" class=\"attachment-thumbnail size-thumbnail\" alt=\"\" srcset=\"https:\/\/archive.sana.sy\/tr\/wp-content\/uploads\/2017\/06\/2-45-150x84.jpg 150w, https:\/\/archive.sana.sy\/tr\/wp-content\/uploads\/2017\/06\/2-45-300x168.jpg 300w, https:\/\/archive.sana.sy\/tr\/wp-content\/uploads\/2017\/06\/2-45.jpg 660w\" sizes=\"auto, (max-width: 150px) 100vw, 150px\" \/><\/a>\n\t\t\t<\/div><\/figure><figure class='gallery-item'>\n\t\t\t<div class='gallery-icon landscape'>\n\t\t\t\t<a href='https:\/\/archive.sana.sy\/tr\/wp-content\/uploads\/2017\/06\/3-35.jpg'><img loading=\"lazy\" decoding=\"async\" width=\"150\" height=\"75\" src=\"https:\/\/archive.sana.sy\/tr\/wp-content\/uploads\/2017\/06\/3-35-150x75.jpg\" class=\"attachment-thumbnail size-thumbnail\" alt=\"\" srcset=\"https:\/\/archive.sana.sy\/tr\/wp-content\/uploads\/2017\/06\/3-35-150x75.jpg 150w, https:\/\/archive.sana.sy\/tr\/wp-content\/uploads\/2017\/06\/3-35-300x150.jpg 300w, https:\/\/archive.sana.sy\/tr\/wp-content\/uploads\/2017\/06\/3-35.jpg 660w\" sizes=\"auto, (max-width: 150px) 100vw, 150px\" \/><\/a>\n\t\t\t<\/div><\/figure>\n\t\t<\/div>\n\n","protected":false},"excerpt":{"rendered":"<p>HOMS \u2013 Baas \u00d6nc\u00fcleri Birli\u011fi Homs \u0130l \u015eubesi d\u00fcn, \u00e7ocuklar\u0131 e\u011fitime te\u015fvik etme ama\u00e7l\u0131 olarak \u0130lk\u00f6\u011fretim okullar\u0131n\u0131n 4-5-6 s\u0131n\u0131flar\u0131nda il genelinde ba\u015far\u0131 kaydeden 139 \u00e7ocu\u011fa \u00f6d\u00fcl t\u00f6reni d\u00fczenledi. T\u00f6rene kat\u0131lan Homs Valisi Talal el Berazi; k\u00fclt\u00fcrl, bilimsel ve sanatsal alanlarda \u00fcst\u00fcn ba\u015far\u0131 kaydeden bu \u00e7ocuklar\u0131n, Suriye&#8217;de durumlar\u0131n iyiye gitti\u011fini ve Suriye&#8217;nin eskisinden daha iyi olaca\u011f\u0131n\u0131n &hellip;<\/p>\n","protected":false},"author":1,"featured_media":116108,"comment_status":"closed","ping_status":"closed","sticky":false,"template":"","format":"standard","meta":{"footnotes":""},"categories":[526,516,511,17988,525],"tags":[],"class_list":["post-116095","post","type-post","status-publish","format-standard","has-post-thumbnail","","category-haber-ve-raporlar","category-haberler-kultur-ve-sanat","category-kultur-ve-sanat","category-son-haberler","category-toplum"],"_links":{"self":[{"href":"https:\/\/archive.sana.sy\/tr\/index.php?rest_route=\/wp\/v2\/posts\/116095","targetHints":{"allow":["GET"]}}],"collection":[{"href":"https:\/\/archive.sana.sy\/tr\/index.php?rest_route=\/wp\/v2\/posts"}],"about":[{"href":"https:\/\/archive.sana.sy\/tr\/index.php?rest_route=\/wp\/v2\/types\/post"}],"author":[{"embeddable":true,"href":"https:\/\/archive.sana.sy\/tr\/index.php?rest_route=\/wp\/v2\/users\/1"}],"replies":[{"embeddable":true,"href":"https:\/\/archive.sana.sy\/tr\/index.php?rest_route=%2Fwp%2Fv2%2Fcomments&post=116095"}],"version-history":[{"count":0,"href":"https:\/\/archive.sana.sy\/tr\/index.php?rest_route=\/wp\/v2\/posts\/116095\/revisions"}],"wp:featuredmedia":[{"embeddable":true,"href":"https:\/\/archive.sana.sy\/tr\/index.php?rest_route=\/wp\/v2\/media\/116108"}],"wp:attachment":[{"href":"https:\/\/archive.sana.sy\/tr\/index.php?rest_route=%2Fwp%2Fv2%2Fmedia&parent=116095"}],"wp:term":[{"taxonomy":"category","embeddable":true,"href":"https:\/\/archive.sana.sy\/tr\/index.php?rest_route=%2Fwp%2Fv2%2Fcategories&post=116095"},{"taxonomy":"post_tag","embeddable":true,"href":"https:\/\/archive.sana.sy\/tr\/index.php?rest_route=%2Fwp%2Fv2%2Ftags&post=116095"}],"curies":[{"name":"wp","href":"https:\/\/api.w.org\/{rel}","templated":true}]}}